{"id":8811,"date":"2025-10-27T10:00:00","date_gmt":"2025-10-27T09:00:00","guid":{"rendered":"https:\/\/www.cci.corsica\/?p=8811"},"modified":"2025-11-06T14:14:43","modified_gmt":"2025-11-06T13:14:43","slug":"les-rencontres-du-developpement-durable-reviennent-le-6-novembre-a-porticcio","status":"publish","type":"post","link":"https:\/\/www.cci.corsica\/co\/les-rencontres-du-developpement-durable-reviennent-le-6-novembre-a-porticcio\/","title":{"rendered":"Les Rencontres du D\u00e9veloppement Durable &#8211; 3e \u00e9dition"},"content":{"rendered":"<p>Pour la\u00a0troisi\u00e8me ann\u00e9e cons\u00e9cutive, la\u00a0Chambre de Commerce et d\u2019Industrie de Corse\u00a0organise\u00a0\u00ab Les Rencontres du D\u00e9veloppement Durable \u00bb, un rendez-vous devenu incontournable pour les entreprises insulaires engag\u00e9es (ou souhaitant s\u2019engager) dans la transition \u00e9cologique.<\/p>\n\n\n\n<p><strong>Jeudi 6 novembre 2025<\/strong><br><strong>De 13h30 \u00e0 17h00<\/strong><br><strong>H\u00f4tel Sofitel, Porticcio<\/strong><\/p>\n\n\n\n<hr class=\"wp-block-separator has-alpha-channel-opacity\" \/>\n\n\n\n<h3 class=\"wp-block-heading\">Un apr\u00e8s-midi pour agir concr\u00e8tement<\/h3>\n\n\n\n<p>Coorganis\u00e9 avec le\u00a0club Les Entreprises s\u2019engagent \u2013 Corse-du-Sud, l\u2019ADEME\u00a0et l\u2019Office Intercommunal de Tourisme de Grosseto-Prugna Porticcio, l\u2019\u00e9v\u00e9nement a pour objectif de\u00a0donner aux dirigeants les cl\u00e9s pour avancer dans leur transition \u00e9cologique, avec des outils concrets, des retours d\u2019exp\u00e9rience inspirants et des conseils personnalis\u00e9s.<\/p>\n\n\n\n<hr class=\"wp-block-separator has-alpha-channel-opacity\" \/>\n\n\n\n<h3 class=\"wp-block-heading\">Un programme ax\u00e9 sur le partage d\u2019exp\u00e9rience et l\u2019accompagnement<\/h3>\n\n\n\n<ul class=\"wp-block-list\">\n<li>Accueil<strong> <\/strong>caf\u00e9<\/li>\n\n\n\n<li>T\u00e9moignages d\u2019entreprises locales\u00a0ayant engag\u00e9 une d\u00e9marche de transition r\u00e9ussie<\/li>\n\n\n\n<li>Pr\u00e9sentation des aides et dispositifs mobilisables<\/li>\n\n\n\n<li>Entretiens individuels\u00a0avec les partenaires pr\u00e9sents :\u00a0ADEME, AUE, EDF, MEDEF, ATC, CCI de Corse\u2026<\/li>\n<\/ul>\n\n\n\n<p>Les participants pourront b\u00e9n\u00e9ficier d\u2019un\u00a0accompagnement cibl\u00e9, quels que soient leur secteur d\u2019activit\u00e9 ou l\u2019\u00e9tat d\u2019avancement de leur projet environnemental.<\/p>\n\n\n\n<hr class=\"wp-block-separator has-alpha-channel-opacity\" \/>\n\n\n\n<h3 class=\"wp-block-heading\">Inscription gratuite et obligatoire<\/h3>\n\n\n\n<p>Les places \u00e9tant limit\u00e9es, l\u2019inscription est obligatoire.<\/p>\n\n\n\n<div class=\"wp-block-buttons is-layout-flex wp-block-buttons-is-layout-flex\">\n<div class=\"wp-block-button\"><a class=\"wp-block-button__link wp-element-button\" href=\"https:\/\/www.cci.corsica\/co\/evenements\/06-11-les-rencontres-du-developpement-durable-3e-edition\/\">INSCRIPTION AUX RENCONTRES DU DEVELOPPEMENT DURABLE<\/a><\/div>\n<\/div>\n\n\n\n<p>Pour plus d\u2019informations : <br><a>julie.fernandez@cci.corsica<\/a><br> 04 95 51 55 55<\/p>\n\n\n\n<hr class=\"wp-block-separator has-alpha-channel-opacity\" \/>\n\n\n\n<p><strong>Ensemble, engageons-nous pour une \u00e9conomie corse plus durable, plus sobre et plus r\u00e9siliente.<\/strong><\/p>\n\n\n\n<p><\/p>","protected":false},"excerpt":{"rendered":"<p>Pour la\u00a0troisi\u00e8me ann\u00e9e cons\u00e9cutive, la\u00a0Chambre de Commerce et d\u2019Industrie de Corse\u00a0organise\u00a0\u00ab Les Rencontres du D\u00e9veloppement Durable \u00bb, un rendez-vous devenu incontournable pour les entreprises insulaires engag\u00e9es (ou souhaitant s\u2019engager) dans la transition \u00e9cologique. Jeudi 6 novembre 2025De 13h30 \u00e0 17h00H\u00f4tel Sofitel, Porticcio Un apr\u00e8s-midi pour agir concr\u00e8tement Coorganis\u00e9 avec le\u00a0club Les Entreprises s\u2019engagent \u2013 Corse-du-Sud, [&hellip;]<\/p>\n","protected":false},"author":4,"featured_media":0,"comment_status":"closed","ping_status":"closed","sticky":false,"template":"","format":"standard","meta":{"_acf_changed":false,"_seopress_robots_primary_cat":"none","_seopress_titles_title":"3e \u00e9dition des Rencontres du D\u00e9veloppement Durable","_seopress_titles_desc":"Participez aux Rencontres du D\u00e9veloppement Durable \u00e0 Porticcio le 6 nov. : t\u00e9moignages, dispositifs d\u2019aide, conseils RSE pour entreprises.","_seopress_robots_index":"","footnotes":""},"categories":[25],"tags":[],"class_list":["post-8811","post","type-post","status-publish","format-standard","hentry","category-actualite"],"acf":[],"_links":{"self":[{"href":"https:\/\/www.cci.corsica\/co\/wp-json\/wp\/v2\/posts\/8811","targetHints":{"allow":["GET"]}}],"collection":[{"href":"https:\/\/www.cci.corsica\/co\/wp-json\/wp\/v2\/posts"}],"about":[{"href":"https:\/\/www.cci.corsica\/co\/wp-json\/wp\/v2\/types\/post"}],"author":[{"embeddable":true,"href":"https:\/\/www.cci.corsica\/co\/wp-json\/wp\/v2\/users\/4"}],"replies":[{"embeddable":true,"href":"https:\/\/www.cci.corsica\/co\/wp-json\/wp\/v2\/comments?post=8811"}],"version-history":[{"count":3,"href":"https:\/\/www.cci.corsica\/co\/wp-json\/wp\/v2\/posts\/8811\/revisions"}],"predecessor-version":[{"id":8815,"href":"https:\/\/www.cci.corsica\/co\/wp-json\/wp\/v2\/posts\/8811\/revisions\/8815"}],"wp:attachment":[{"href":"https:\/\/www.cci.corsica\/co\/wp-json\/wp\/v2\/media?parent=8811"}],"wp:term":[{"taxonomy":"category","embeddable":true,"href":"https:\/\/www.cci.corsica\/co\/wp-json\/wp\/v2\/categories?post=8811"},{"taxonomy":"post_tag","embeddable":true,"href":"https:\/\/www.cci.corsica\/co\/wp-json\/wp\/v2\/tags?post=8811"}],"curies":[{"name":"wp","href":"https:\/\/api.w.org\/{rel}","templated":true}]}}