{"id":9241,"date":"2026-01-09T14:13:44","date_gmt":"2026-01-09T13:13:44","guid":{"rendered":"https:\/\/www.cci.corsica\/?p=9241"},"modified":"2026-01-09T14:26:45","modified_gmt":"2026-01-09T13:26:45","slug":"la-lettre-i-le-sentiment","status":"publish","type":"post","link":"https:\/\/www.cci.corsica\/co\/la-lettre-i-le-sentiment\/","title":{"rendered":"La Lettre I \u00ab\u00a0Le sentiment profond du devoir accompli\u00a0\u00bb"},"content":{"rendered":"<p>C\u2019est par les mots de Max Weber que Jean Dominici a ouvert son allocution d\u2019ouverture de l\u2019assembl\u00e9e&nbsp;: <em>\u00ab&nbsp;Elles se succ\u00e8dent, elles naissent, elles s\u2019effacent et laissent place \u00e0 d\u2019autres&nbsp;; mais elles ne meurent jamais tout \u00e0 fait.&nbsp;\u00bb<\/em><\/p>\n\n\n\n<p>Le choix de la citation du p\u00e8re de la sociologie moderne \u00e0 propos des civilisations n\u2019avait rien d\u2019anodin. Elle est lourde de sens. Le pr\u00e9sident de la CCI de Corse, dont il \u00e9tait la figure de proue pour quelques jours encore, \u00e9voquait l\u2019institution consulaire que la r\u00e9forme ne raye pas de la carte mais g\u00e9n\u00e8re une m\u00e9tamorphose juridique qui ne c\u00e8de aucun pouce de terrain \u00e0 ses missions originelles et conserve toutes ses forces vives, sociales, \u00e9conomiques et administratives. <\/p>\n\n\n\n<p>Il y a une forme de continuit\u00e9, de ligne de conduite maintenue m\u00eame en prenant une route diff\u00e9rente. Un sage proverbe chinois rappelle que pour conna\u00eetre un chemin, il faut interroger celui qui en vient.<\/p>\n\n\n\n<p><em>\u00ab&nbsp;Or que de chemin parcouru, que d\u2019\u00e9preuves surmont\u00e9es, que d\u2019obstacles franchis ces quinze derni\u00e8res ann\u00e9es pour se hisser jusqu\u2019\u00e0 une r\u00e9forme aussi audacieuse que finalement r\u00e9ussie.&nbsp;\u00bb<\/em> L\u2019\u00e9tablissement public du commerce et de l\u2019industrie est, selon ses termes, une cr\u00e9ation in\u00e9dite et pleine de promesses pour la Corse, son \u00e9conomie, les commer\u00e7ants et les chefs d\u2019entreprises, pour les Corses dans leur ensemble qui vont b\u00e9n\u00e9ficier d\u2019une institution renouvel\u00e9e, plus forte, plus solide, plus durable dans cette crois\u00e9e des chemins o\u00f9, sur le plan national, les r\u00e9seaux consulaires semblent emprunter les sentiers du cr\u00e9puscule.<\/p>\n\n\n\n<div style=\"height:20px\" aria-hidden=\"true\" class=\"wp-block-spacer\"><\/div>\n\n\n\n<h3 class=\"wp-block-heading\"><strong>\u00ab\u00a0Je suis le dernier pr\u00e9sident de la CCI de Corse\u00a0\u00bb<\/strong><\/h3>\n\n\n\n<p>Le nouvel \u00e9tablissement est sur les starting-blocks pour \u0153uvrer \u00e0 l\u2019\u00e9quilibre, \u00e0 la gestion et au d\u00e9veloppement du territoire. Il s\u2019\u00e9lance, avec le dossard de l\u2019int\u00e9r\u00eat g\u00e9n\u00e9ral, sur des bases solides puisque la ma\u00eetrise publique des ports et des a\u00e9roports est sanctuaris\u00e9e. <em>\u00ab&nbsp;Nous avons investi, d\u00e9velopp\u00e9, modernis\u00e9 les portes d\u2019entr\u00e9e de l\u2019\u00eele sans jamais fl\u00e9chir m\u00eame au plus fort des crises. Une gestion salu\u00e9e et reconnue au plus haut niveau&nbsp;!&nbsp;\u00bb<\/em><\/p>\n\n\n\n<p>Le tournant n\u2019a pu se n\u00e9gocier valablement que gr\u00e2ce \u00e0 deux ingr\u00e9dients sans lesquels l\u2019avenir serait incertain. Jean Dominici les nomme haut et fort. Le premier, c\u2019est la solidit\u00e9 morale\u00a0: <em>\u00ab\u00a0Notre engagement, notre rigueur, notre sens des responsabilit\u00e9s n\u2019ont jamais failli. La probit\u00e9 et l\u2019honn\u00eatet\u00e9 intellectuelle ont guid\u00e9 chacun de nos actes, chacune de nos d\u00e9cisions depuis le d\u00e9but\u00a0\u00bb<\/em>\u00a0; le deuxi\u00e8me, c\u2019est le travail, les efforts des femmes et des hommes de l\u2019institution, leur expertise couronn\u00e9e par des r\u00e9sultats probants dans tous les domaines. <\/p>\n\n\n\n<p>Notamment dans l\u2019accompagnement des entreprises et des territoires, des grandes communaut\u00e9s urbaines aux villages les plus isol\u00e9s, en mati\u00e8re de formation aussi avec, en points d\u2019orgue, la cr\u00e9ation d\u2019Ampar\u00e0 M\u00e9diterran\u00e9e avec la Chambre r\u00e9gionale de M\u00e9tiers et de l\u2019Artisanat, et l\u2019ouverture de l\u2019\u00c9cole h\u00f4teli\u00e8re m\u00e9diterran\u00e9enne \u00e0 laquelle personne ne croyait plus\u00a0!<\/p>\n\n\n\n<p><em>\u00ab&nbsp;Je suis le dernier pr\u00e9sident de la CCI de Corse&nbsp;\u00bb.<\/em> Au-del\u00e0 de l\u2019Histoire, Jean Dominici, visiblement \u00e9mu, parle d\u2019aventure humaine.&nbsp;<em>\u00ab&nbsp;Notre maison va conna\u00eetre un bain de jouvence et relever de nouveaux d\u00e9fis sous la banni\u00e8re de la Collectivit\u00e9 de Corse, forte de notre exp\u00e9rience, de nos ressources humaines, de la l\u00e9gitimit\u00e9 de nos r\u00e9sultats. Une renaissance qui articule le monde politique et le monde \u00e9conomique pour le plus grand b\u00e9n\u00e9fice des g\u00e9n\u00e9rations futures.&nbsp;\u00bb<\/em><\/p>\n\n\n\n<p>Le pr\u00e9sident Dominici passe le flambeau sans regret ni nostalgie, seulement avec la plus gratifiante des r\u00e9compenses, assure-t-il, <em>\u00ab&nbsp;le sentiment profond du devoir accompli&nbsp;\u00bb.<\/em> Une parole simple et vraie, qui a fait courir dans toutes les \u00e9chines des ondes d\u2019\u00e9motion et de reconnaissance. Une parole conclusive qui lui a valu une longue standing ovation. Mais tout d\u00e9part est une amorce de retour.<\/p>\n\n\n\n<div style=\"height:24px\" aria-hidden=\"true\" class=\"wp-block-spacer\"><\/div>\n\n\n\n<hr class=\"wp-block-separator has-alpha-channel-opacity\" \/>\n\n\n\n<div style=\"height:25px\" aria-hidden=\"true\" class=\"wp-block-spacer\"><\/div>\n\n\n\n<h3 class=\"wp-block-heading\"><strong>Au fil du temps\u2026<\/strong><\/h3>\n\n\n\n<p><strong><em>1804\u00a0:<\/em><\/strong> Un d\u00e9cret en date du 2 avril cr\u00e9e la Chambre consultative de manufactures, fabriques, arts et m\u00e9tiers sous l\u2019impulsion de Napol\u00e9on, Premier Consul.<\/p>\n\n\n\n<p><strong><em>1843&nbsp;:<\/em><\/strong> La Chambre \u00e9volue sous la Monarchie de Juillet par publication d\u2019une ordonnance royale comme Chambre de Commerce de la Corse.<\/p>\n\n\n\n<p><strong><em>1899&nbsp;:<\/em><\/strong> Cr\u00e9ation sous la IIIe R\u00e9publique d\u2019une seconde Chambre de Commerce \u00e0 Ajaccio. Suit une tr\u00e8s longue p\u00e9riode de stabilit\u00e9\u2026<\/p>\n\n\n\n<p><strong><em>2010&nbsp;:<\/em><\/strong> les deux CCI d\u00e9partementales de l\u2019\u00eele s\u2019affranchissent de la tutelle de la chambre r\u00e9gionale PACA-Corse. Une CCI de R\u00e9gion \u00e0 part enti\u00e8re est consacr\u00e9e par la loi dans la foul\u00e9e.<\/p>\n\n\n\n<p><strong><em>2011&nbsp;:<\/em><\/strong> le d\u00e9cret en date du 21 d\u00e9cembre fixe officiellement le si\u00e8ge \u00e0 Bastia.<\/p>\n\n\n\n<p><strong><em>2020&nbsp;:<\/em><\/strong> le 1<sup>er<\/sup> janvier, quatre mois apr\u00e8s l\u2019abrogation de l\u2019existence des deux chambres d\u00e9partementales, na\u00eet la CCI de Corse de plein droit et de plein exercice.<\/p>\n\n\n\n<p><strong><em>2025 :<\/em><\/strong> Respectivement le 2 juin et le 2 juillet, le S\u00e9nat et l\u2019Assembl\u00e9e nationale adoptent \u00e0 l\u2019unanimit\u00e9 la loi n\u00b0 2025-640 portant cr\u00e9ation de l\u2019\u00c9tablissement public du commerce et de l\u2019industrie de Corse promulgu\u00e9e le 15 juillet.<\/p>\n\n\n\n<div style=\"height:25px\" aria-hidden=\"true\" class=\"wp-block-spacer\"><\/div>\n\n\n\n<hr class=\"wp-block-separator has-alpha-channel-opacity\" \/>\n\n\n\n<div style=\"height:25px\" aria-hidden=\"true\" class=\"wp-block-spacer\"><\/div>\n\n\n\n<p><\/p>\n\n\n\n<h3 class=\"wp-block-heading\"><strong>Un sentiment de reconnaissance<\/strong><\/h3>\n\n\n\n<p>Dans son discours, le pr\u00e9sident Dominici a aussi tenu \u00e0 exprimer la gratitude et la reconnaissance de l\u2019institution consulaire \u00e0 l\u2019\u00e9gard de celles et ceux qui ont tenu les r\u00eanes avant lui. Sans pour autant remonter \u00e0 l\u2019Empire et aux pionniers. Il commence par \u00e9voquer les regrett\u00e9s Paul Natali, qui a plac\u00e9 la CCI de Haute-Corse sur sa rampe de lancement, et Jean Femenia qui a repris le licol. Il cite aussi Paul Trojani, qui est toujours \u00e0 ses c\u00f4t\u00e9s et continuera \u00e0 si\u00e9ger dans l\u2019\u00e9tablissement public. Il n\u2019oublie surtout pas Jacques Nacer, assassin\u00e9 en 2012, qui a favoris\u00e9 le rapprochement entre le nord et le sud, salue le courage de Nathalie Carlotti qui lui a succ\u00e9d\u00e9 dans un contexte dramatique. D\u2019autres proches pr\u00e9d\u00e9cesseurs sont nomm\u00e9s&nbsp;: Jean-Andr\u00e9 Miniconi, Paul Marcaggi, Antoine Mondoloni, Fran\u00e7ois Nicolai. <em>\u00ab&nbsp;La liste est longue des coll\u00e8gues qui nous ont accompagn\u00e9s, toutes celles et ceux qui ont donn\u00e9 de leur temps et de leur \u00e9nergie pour promouvoir l\u2019\u00e9conomie, d\u00e9velopper nos transports, former nos jeunes g\u00e9n\u00e9rations, donner \u00e0 la soci\u00e9t\u00e9 corse un avenir construit sur la base des valeurs morales du travail, de l\u2019honn\u00eatet\u00e9 et du r\u00e9sultat.&nbsp;\u00bb<\/em><\/p>\n\n\n\n<div style=\"height:58px\" aria-hidden=\"true\" class=\"wp-block-spacer\"><\/div>\n\n\n\n<div class=\"wp-block-media-text is-stacked-on-mobile\"><figure class=\"wp-block-media-text__media\"><img fetchpriority=\"high\" decoding=\"async\" width=\"800\" height=\"600\" src=\"https:\/\/www.cci.corsica\/wp-content\/uploads\/2026\/01\/fb.png\" alt=\"\" class=\"wp-image-9224 size-full\" srcset=\"https:\/\/www.cci.corsica\/wp-content\/uploads\/2026\/01\/fb.png 800w, https:\/\/www.cci.corsica\/wp-content\/uploads\/2026\/01\/fb-300x225.png 300w, https:\/\/www.cci.corsica\/wp-content\/uploads\/2026\/01\/fb-768x576.png 768w, https:\/\/www.cci.corsica\/wp-content\/uploads\/2026\/01\/fb-16x12.png 16w\" sizes=\"(max-width: 800px) 100vw, 800px\" \/><\/figure><div class=\"wp-block-media-text__content\">\n<p><strong><a href=\"https:\/\/www.calameo.com\/read\/00634001843cc3242f937\" target=\"_blank\" rel=\"noreferrer noopener\">Lire La Lettre n\u00b061<\/a><\/strong><\/p>\n<\/div><\/div>\n\n\n\n<p><\/p>","protected":false},"excerpt":{"rendered":"<p>Dans un silence de cath\u00e9drale et devant un auditoire de personnalit\u00e9s, de proches et de fid\u00e8les collaborateurs, Jean Dominici a prononc\u00e9 son dernier discours officiel. Un discours introspectif et \u00e9mouvant\u2026<\/p>","protected":false},"author":6,"featured_media":9244,"comment_status":"closed","ping_status":"closed","sticky":false,"template":"","format":"standard","meta":{"_acf_changed":false,"_seopress_robots_primary_cat":"none","_seopress_titles_title":"","_seopress_titles_desc":"","_seopress_robots_index":"","footnotes":""},"categories":[25],"tags":[58,34],"class_list":["post-9241","post","type-post","status-publish","format-standard","has-post-thumbnail","hentry","category-actualite","tag-economie","tag-institution"],"acf":[],"_links":{"self":[{"href":"https:\/\/www.cci.corsica\/co\/wp-json\/wp\/v2\/posts\/9241","targetHints":{"allow":["GET"]}}],"collection":[{"href":"https:\/\/www.cci.corsica\/co\/wp-json\/wp\/v2\/posts"}],"about":[{"href":"https:\/\/www.cci.corsica\/co\/wp-json\/wp\/v2\/types\/post"}],"author":[{"embeddable":true,"href":"https:\/\/www.cci.corsica\/co\/wp-json\/wp\/v2\/users\/6"}],"replies":[{"embeddable":true,"href":"https:\/\/www.cci.corsica\/co\/wp-json\/wp\/v2\/comments?post=9241"}],"version-history":[{"count":1,"href":"https:\/\/www.cci.corsica\/co\/wp-json\/wp\/v2\/posts\/9241\/revisions"}],"predecessor-version":[{"id":9245,"href":"https:\/\/www.cci.corsica\/co\/wp-json\/wp\/v2\/posts\/9241\/revisions\/9245"}],"wp:featuredmedia":[{"embeddable":true,"href":"https:\/\/www.cci.corsica\/co\/wp-json\/wp\/v2\/media\/9244"}],"wp:attachment":[{"href":"https:\/\/www.cci.corsica\/co\/wp-json\/wp\/v2\/media?parent=9241"}],"wp:term":[{"taxonomy":"category","embeddable":true,"href":"https:\/\/www.cci.corsica\/co\/wp-json\/wp\/v2\/categories?post=9241"},{"taxonomy":"post_tag","embeddable":true,"href":"https:\/\/www.cci.corsica\/co\/wp-json\/wp\/v2\/tags?post=9241"}],"curies":[{"name":"wp","href":"https:\/\/api.w.org\/{rel}","templated":true}]}}