{"id":9248,"date":"2026-01-08T17:24:00","date_gmt":"2026-01-08T16:24:00","guid":{"rendered":"https:\/\/www.cci.corsica\/?p=9248"},"modified":"2026-01-09T14:25:27","modified_gmt":"2026-01-09T13:25:27","slug":"la-lettre-i-sta-fine","status":"publish","type":"post","link":"https:\/\/www.cci.corsica\/co\/la-lettre-i-sta-fine\/","title":{"rendered":"La Lettre I Sta fine h\u00e8 un principiu\u00a0!"},"content":{"rendered":"<p><em><strong>\u00ab\u00a0H\u00e8 l\u2019ultima sianza, ma micca a fine di a storia\u2026\u00a0\u00bb<\/strong><\/em><\/p>\n\n\n\n<p><strong>\u00c9ric Jalon, prefettu di a Corsica<\/strong><\/p>\n\n\n\n<div style=\"height:18px\" aria-hidden=\"true\" class=\"wp-block-spacer\"><\/div>\n\n\n\n<hr class=\"wp-block-separator has-alpha-channel-opacity\" \/>\n\n\n\n<div style=\"height:18px\" aria-hidden=\"true\" class=\"wp-block-spacer\"><\/div>\n\n\n\n<p>H\u00e0 dettu un filosofu grecu ch\u00ec a storia era un eternu riprincipiu. H\u00e0 tenutu a Camera di u Cummerciu \u00e8 d&rsquo;Industria di a Corsica l\u2019ultima assemblea generale di a so storia marti u 9 di dicembre, nata pi\u00f9 di dui seculi f\u00e0 sottu \u00e0 u guvernu di u Primu Consule. <\/p>\n\n\n\n<p>Ma ancu s&rsquo;ella ghjunghje \u00e0 a fine di u so viaghju, \u00f9n smarriscer\u00e0 micca ma\u00a0; \u00e0 u cuntrariu, h\u00e0 da rigener\u00e0 si. Cum&rsquo;\u00e8 a marea ch\u00ec cala \u00e8 torna, pi\u00f9 piena di schjuma, o cum&rsquo;\u00e8 a Fenice, quellu acellu mitulogicu ch\u00ec u so piumaghju h\u00e8 adurnatu di turchinu, rossu \u00e8 oru, cunsumatu in e fiare di u nidu di rami aromatichi ch&rsquo;ellu custruia quandu li sentia di avvicin\u00e0 si a so fine. <\/p>\n\n\n\n<p>H\u00e8 stata a metafora magnifica scelta da u presidente Jean Dominici in u so discorsu discretu, lindu \u00e8 cummuvente. Un discorsu per a memoria cullettiva. L&rsquo;impattu emotivu di e parolle \u00f9n h\u00e8 mai un affare di stile, ma di sincerit\u00e0.<\/p>\n\n\n\n<div style=\"height:20px\" aria-hidden=\"true\" class=\"wp-block-spacer\"><\/div>\n\n\n\n<h3 class=\"wp-block-heading\"><strong>Da l\u2019emuzione \u00e0 e deliberazione\u2026<\/strong><\/h3>\n\n\n\n<p>H\u00e8 scarsa ch\u2019ella sia stata cus\u00ec carca a sala di e deliberazione di u palazzu cunsulariu di Bastia, tantu fisicamente ch\u00e8 \u00e0 u livellu spirituale. \u00d9n ci era micca abbastanza posti, \u00e8 daretu \u00e0 i dignitari \u00e8 l\u2019eletti cunsularii, a ghjente si muvia per f\u00e0 si una piazza &#8211; o piuttostu, si stringhjia &#8211; per \u00f9n manc\u00e0 l\u2019evenimentu ch\u00ec, in a mente di tutti, \u00f9n raprisentava micca solu un&rsquo;ultima reunione cunsularia, ma din\u00f9 una passazione di putere da u presidente Dominici, assai stimatu per u so rollu, laudatu per u so travagliu di prima trinca \u00e0 pr\u00f2 di a Corsica \u00e8 di u so sviluppu, \u00e8 prufundamente apprezzatu per a so persunalit\u00e0 \u00e8 u so caratteru discretu ma alegru, modestu ma propiu efficace. Mancanu sempre e parolle per d\u00ec l&#8217;emuzione, ma micca per a furmalit\u00e0 prescritta di un&rsquo;assemblea generale ch\u00ec, qualunque sianu e circustanze, deve assicur\u00e0 a bona esecuzione di l\u2019ordine di u ghjornu\u2026<\/p>\n\n\n\n<p>S\u00f2 state vutate \u00e0 l\u2019unanimit\u00e0 tutte e deliberazione pruposte. Da stu puntu di vista, \u00f9n aver\u00e0 scambiatu tantu affare a stampa eccezziunale di st\u2019appuntamentu&nbsp; di a custanza \u00e8 di l\u2019adesione di i membri, ch\u00ec testimunieghjanu di una cunfidenza \u00e8 di una fidelt\u00e0 sempre rinnuvellata di pettu \u00e0 u presidente \u00e8 \u00e0 e so squadre. A prima cuncernava a designazione di i 40 eletti&nbsp;(20 titularii \u00e8 20 suppleanti) chjamati \u00e0 pigli\u00e0 a so sede inde u novu stabilimentu publicu di u cummerciu \u00e8 di l\u2019industria di a Corsica, cum\u2019ellu l\u2019h\u00e0 vulsuta u legislatore.<\/p>\n\n\n\n<p>L\u2019ultima deliberazione per a storia trattava di a cessione di l\u2019attivi, di u fundiariu \u00e8 di i b\u00e8 immubiliari. Un sugettu ch\u00ec paria, di prima vista, di poca primura, ma ch\u00ec \u00f9n l\u2019era micca&nbsp;: anu da cuntribuisce i soldi racolti \u00e0 finanzi\u00e0 a transizione umana \u00e8 materiale ver\u2019 di a Cullettivit\u00e0 di Corsica. Un\u2019occasione, per u direttore generale, di ramint\u00e0 ch\u2019ellu era stata cumplessu u tramutu finanziaru \u00e8 ch\u2019ellu ci era vulsutu \u00e0 scioglie unepochi di nodi gurdiani.<\/p>\n\n\n\n<div style=\"height:20px\" aria-hidden=\"true\" class=\"wp-block-spacer\"><\/div>\n\n\n\n<h3 class=\"wp-block-heading\"><strong>Una cumbotta tr\u00e0 Napule\u00f2 \u00e8 Paoli\u2026<\/strong><\/h3>\n\n\n\n<p>Gilles Simeoni, ch\u00ec h\u00e0 ripigliatu ufficialmente a carica es-qualit\u00e0, h\u00e0 spressu ellu stessu a so emuzione, in particulare quella di vede u vulume finale di st&rsquo;opera enciclopedica ghjunghje \u00e0 a fine, un&rsquo;opera ch\u00ec conta a storia \u00e8 l&rsquo;incarnazione di a pi\u00f9 antica di l&rsquo;istituzioni isulane \u00e0 traversu e donne \u00e8 l&rsquo;omi ch\u00ec anu servutu a Corsica \u00e8 cuntribuitu \u00e0 u spannamentu di a so ecunumia. <em>\u00ab\u00a0H\u00e8 statu un privilegiu \u00e8 un onore d&rsquo;av\u00e8 travagliatu \u00e0 fiancu \u00e0 Jean Dominici\u00a0\u00bb<\/em>, h\u00e0 dettu, laudendu u visiunariu, u presidente di u Cunsigliu Esecutivu.<\/p>\n\n\n\n<p>C\u00f9 l\u2019arguzia ch\u2019ellu s\u00e0 distill\u00e0 in e so parolle, ancu puru quandu u mumentu h\u00e8 pienu di sulennit\u00e0, Gilles Simeoni osserva ch\u00ec a CCI di Corsica, una creazione napoleoniana, s&rsquo;adunisce \u00e0 una istituzione d&rsquo;ispirazione paolista, d&rsquo;altronde, in l&rsquo;annu di u tricentenariu di u Babbu di a Nazione, dendu cus\u00ec un abbriu novu \u00e0 u prugettu universitariu \u00ab&nbsp;Paoli-Napoleone.&nbsp;\u00bb<\/p>\n\n\n\n<p>Pi\u00f9 seriamente, si ralegra ch\u00ec una riforma tale sia pussuta esse appiecata c\u00f9 successu in u cuntestu oghjincu di istabilit\u00e0 pulitica cronica : \u00ab&nbsp;Riesce \u00e0 f\u00e0 vut\u00e0 un testu legislativu \u00e0 l&rsquo;unanimit\u00e0 da i senatori \u00e8 dopu da i deputati in un paisaghju puliticu naziunale frammentatu \u00e8 antagonistu, h\u00e8 propiu un risultatu rimarchevule in s\u00e8 stessu.&nbsp;\u00bb<\/p>\n\n\n\n<p>U sustegnu di l&rsquo;urganisazione sindicale, di l&rsquo;eletti \u00e8 di i sudditi cunsularii, \u00e8 ancu u sustegnu unanime di l&rsquo;Assemblea di Corsica, h\u00e8 cunsideratu cum&rsquo;\u00e8 un signale pusitivu per una Corsica ch\u00ec soffre, ch\u00ec h\u00e8 preda di dimonii interni ma ch\u00ec ricusa di lasci\u00e0 si and\u00e0 \u00e0 u scuragimentu. <em>\u00ab\u00a0S\u00f2 nant\u2019\u00e0 u ponte, \u00e8 determinatu pi\u00f9 ch\u00e8 mai, cunclude Gilles Simeoni. Sta riforma, ch\u00ec \u00f9n h\u00e0 ch\u00e8 aspetti pusitivi, h\u00e8 forse a pi\u00f9 impurtante dapoi u 2015. H\u00e8, in ogni casu, quella di a quale s\u00f2 u pi\u00f9 fieru.\u00a0\u00bb<\/em> Per contu soiu, h\u00e0 spressu Jean-Charles Martinelli, u presidente di a Camera Regiunale di i Mistieri \u00e8 di l&rsquo;Artisgianatu, a gratitudine di u mondu artisgianale versu Jean Dominici.<\/p>\n\n\n\n<p>V\u00e0 l&rsquo;ultima parolla \u00e0 \u00c9ric Jalon, u prefettu di a Corsica, ch\u00ec ramenta i cinque mesi di travagliu intensivu \u00e8 di discussione intense per assicur\u00e0 ch\u00ec tutti l&rsquo;aspetti di a riforma fussinu appruvati\u00a0: <em>\u00ab\u00a0H\u00e0 da cuntinu\u00e0 stu spiritu custruttivu. Qu\u00ec simu \u00e0 l\u2019ultima sianza, ma micca \u00e0 a fine di a storia&#8230;\u00a0\u00bb<\/em> A nova Fenice p\u00f2 spieg\u00e0 l&rsquo;ale.<\/p>\n\n\n\n<div style=\"height:43px\" aria-hidden=\"true\" class=\"wp-block-spacer\"><\/div>\n\n\n\n<div class=\"wp-block-media-text is-stacked-on-mobile\"><figure class=\"wp-block-media-text__media\"><img fetchpriority=\"high\" decoding=\"async\" width=\"800\" height=\"600\" src=\"https:\/\/www.cci.corsica\/wp-content\/uploads\/2026\/01\/fb.png\" alt=\"\" class=\"wp-image-9224 size-full\" srcset=\"https:\/\/www.cci.corsica\/wp-content\/uploads\/2026\/01\/fb.png 800w, https:\/\/www.cci.corsica\/wp-content\/uploads\/2026\/01\/fb-300x225.png 300w, https:\/\/www.cci.corsica\/wp-content\/uploads\/2026\/01\/fb-768x576.png 768w, https:\/\/www.cci.corsica\/wp-content\/uploads\/2026\/01\/fb-16x12.png 16w\" sizes=\"(max-width: 800px) 100vw, 800px\" \/><\/figure><div class=\"wp-block-media-text__content\">\n<p><strong><a href=\"https:\/\/www.calameo.com\/read\/00634001843cc3242f937\" target=\"_blank\" rel=\"noreferrer noopener\">Lire La Lettre n\u00b061<\/a><\/strong><\/p>\n<\/div><\/div>","protected":false},"excerpt":{"rendered":"<p>Una stonda propiu sulenne \u00e8 prufundamente cummuvente : h\u00e0 tenutu a Camera di u Cummerciu \u00e8 d&rsquo;Industria (CCI) di a Corsica a so ultima Assemblea Generale u 9 di dicembre scorsu. C\u00f9 a messa in ballu di a riforma cunsularia, l&rsquo;occasione h\u00e8 stata di rende un omagiu \u00e0 l&rsquo;istituzione, \u00e0 quelli ch\u00ec anu cuntribuitu \u00e0 f\u00e0 la ingrand\u00e0, \u00e8 in particulare \u00e0 u so ultimu presidente, Jean Dominici, ch\u00ec h\u00e0 ricevutu una bella sciaccamanata.<\/p>","protected":false},"author":6,"featured_media":9231,"comment_status":"closed","ping_status":"closed","sticky":false,"template":"","format":"standard","meta":{"_acf_changed":false,"_seopress_robots_primary_cat":"none","_seopress_titles_title":"","_seopress_titles_desc":"","_seopress_robots_index":"","footnotes":""},"categories":[25],"tags":[58,34],"class_list":["post-9248","post","type-post","status-publish","format-standard","has-post-thumbnail","hentry","category-actualite","tag-economie","tag-institution"],"acf":[],"_links":{"self":[{"href":"https:\/\/www.cci.corsica\/co\/wp-json\/wp\/v2\/posts\/9248","targetHints":{"allow":["GET"]}}],"collection":[{"href":"https:\/\/www.cci.corsica\/co\/wp-json\/wp\/v2\/posts"}],"about":[{"href":"https:\/\/www.cci.corsica\/co\/wp-json\/wp\/v2\/types\/post"}],"author":[{"embeddable":true,"href":"https:\/\/www.cci.corsica\/co\/wp-json\/wp\/v2\/users\/6"}],"replies":[{"embeddable":true,"href":"https:\/\/www.cci.corsica\/co\/wp-json\/wp\/v2\/comments?post=9248"}],"version-history":[{"count":1,"href":"https:\/\/www.cci.corsica\/co\/wp-json\/wp\/v2\/posts\/9248\/revisions"}],"predecessor-version":[{"id":9251,"href":"https:\/\/www.cci.corsica\/co\/wp-json\/wp\/v2\/posts\/9248\/revisions\/9251"}],"wp:featuredmedia":[{"embeddable":true,"href":"https:\/\/www.cci.corsica\/co\/wp-json\/wp\/v2\/media\/9231"}],"wp:attachment":[{"href":"https:\/\/www.cci.corsica\/co\/wp-json\/wp\/v2\/media?parent=9248"}],"wp:term":[{"taxonomy":"category","embeddable":true,"href":"https:\/\/www.cci.corsica\/co\/wp-json\/wp\/v2\/categories?post=9248"},{"taxonomy":"post_tag","embeddable":true,"href":"https:\/\/www.cci.corsica\/co\/wp-json\/wp\/v2\/tags?post=9248"}],"curies":[{"name":"wp","href":"https:\/\/api.w.org\/{rel}","templated":true}]}}