{"id":9254,"date":"2026-01-12T08:59:23","date_gmt":"2026-01-12T07:59:23","guid":{"rendered":"https:\/\/www.cci.corsica\/?p=9254"},"modified":"2026-01-13T09:07:21","modified_gmt":"2026-01-13T08:07:21","slug":"la-lettre-i-etablissement-public","status":"publish","type":"post","link":"https:\/\/www.cci.corsica\/co\/la-lettre-i-etablissement-public\/","title":{"rendered":"La Lettre I \u00c9tablissement public, mode d\u2019emploi"},"content":{"rendered":"<p>Le lien est intime, salutaire et d\u00e9sormais indissoluble entre l\u2019\u00e9volution statutaire de la CCI de Corse et la sacralit\u00e9 de la gestion publique des ports et des a\u00e9roports dont cette derni\u00e8re est la concessionnaire historique. Aussi, le vote unanime obtenu \u00e0 l\u2019Assembl\u00e9e de Corse sur le rapport du Conseil ex\u00e9cutif relatif aux projets de statuts de l\u2019\u00c9tablissement public du commerce et de l\u2019industrie de Corse n\u2019aura \u00e9t\u00e9 qu\u2019une formalit\u00e9. <\/p>\n\n\n\n<p>La menace de pr\u00e9dation d\u2019une multinationale sur les portes d\u2019entr\u00e9es maritimes et a\u00e9riennes de notre territoire aura finalement tenu lieu d\u2019argument imparable dans l\u2019esprit des \u00e9lus, toutes ob\u00e9diences id\u00e9ologiques confondues. La maitrise de nos infrastructures de transport est consubstantielle de la paix civile de la Corse, de la garantie de qui\u00e9tude de ses \u00e9changes et de l\u2019espoir de prosp\u00e9rit\u00e9 de son \u00e9conomie.<\/p>\n\n\n\n<h3 class=\"wp-block-heading\"><strong>Cinquante membres ont voix d\u00e9lib\u00e9rative<\/strong><\/h3>\n\n\n\n<p>Le rapport de l\u2019Ex\u00e9cutif avait trait aux statuts et r\u00e8gles de fonctionnement de l\u2019\u00c9tablissement public du commerce et de l\u2019industrie de Corse dont le si\u00e8ge est g\u00e9ographiquement fix\u00e9 \u00e0 Bastia. Le Conseil d\u2019administration est scind\u00e9 en deux groupes. Le premier groupe, est compos\u00e9 de membres issus de la Collectivit\u00e9 de Corse : les pr\u00e9sidents du Conseil ex\u00e9cutif et de l\u2019Assembl\u00e9e de Corse es-qualit\u00e9, cinq conseillers ex\u00e9cutifs d\u00e9sign\u00e9s, vingt-trois \u00e9lus territoriaux \u00e9galement d\u00e9sign\u00e9s de mani\u00e8re proportionnelle. <\/p>\n\n\n\n<p>Le second groupe est compos\u00e9 de vingt repr\u00e9sentants titulaires et vingt repr\u00e9sentants suppl\u00e9ants de professionnels issus du monde \u00e9conomique, tous anciens \u00e9lus de la CCI de Corse et adoub\u00e9s par la derni\u00e8re Assembl\u00e9e g\u00e9n\u00e9rale de la chambre. Des membres associ\u00e9s pourront \u00eatre d\u00e9sign\u00e9s ult\u00e9rieurement avec voix consultative et notamment quatre membres repr\u00e9sentant le Comit\u00e9 Social et Economique Central de l\u2019Etablissement.<\/p>\n\n\n\n<p>Le bureau est lui-m\u00eame compos\u00e9 de seize membres r\u00e9partis comme suit\u00a0: le pr\u00e9sident de l\u2019EPCI-C\u00a0; trois conseillers ex\u00e9cutifs, membres du Conseil d\u2019administration, d\u00e9sign\u00e9s par ce dernier\u00a0; cinq personnes choisies parmi les membres du Conseil d\u2019administration et issues de l\u2019Assembl\u00e9e de Corse (l\u2019objectif est de faire en sorte que chaque groupe politique soit repr\u00e9sent\u00e9)\u00a0; sept professionnels du monde \u00e9conomique. <\/p>\n\n\n\n<p>Autour du pr\u00e9sident de l\u2019EPCI-C, le bureau a une composition classique dans son mode de pilotage\u00a0: deux vice-pr\u00e9sidents, un tr\u00e9sorier, un tr\u00e9sorier adjoint, un secr\u00e9taire, un secr\u00e9taire adjoint. Il ne dispose pas de pouvoir propre mais il b\u00e9n\u00e9ficiera de d\u00e9l\u00e9gations de la part du Conseil d\u2019administration.<\/p>\n\n\n\n<div style=\"height:25px\" aria-hidden=\"true\" class=\"wp-block-spacer\"><\/div>\n\n\n\n<hr class=\"wp-block-separator has-alpha-channel-opacity\" \/>\n\n\n\n<div style=\"height:25px\" aria-hidden=\"true\" class=\"wp-block-spacer\"><\/div>\n\n\n\n<h3 class=\"wp-block-heading\"><strong>Fr\u00e9quence de travail soutenue<\/strong><\/h3>\n\n\n\n<p>Le Conseil d\u2019administration se r\u00e9unit au moins deux fois par an \u2013 davantage en cas de n\u00e9cessit\u00e9 \u2013 sur convocation du pr\u00e9sident. Ses s\u00e9ances ne sont pas publiques. Parmi ses nombreuses pr\u00e9rogatives, l\u2019organisation g\u00e9n\u00e9rale et le fonctionnement de l\u2019\u00e9tablissement, l\u2019approbation des contrats, conventions et march\u00e9s pass\u00e9s par celui-ci, le budget et le compte financier, les acquisitions de biens immobiliers, l\u2019habilitation d\u2019ester en justice. Il peut \u00e9galement former des commissions th\u00e9matiques et diligenter des \u00e9tudes.<\/p>\n\n\n\n<p>Le bureau, toujours sur convocation du pr\u00e9sident, se r\u00e9unit au moins huit fois par an. Dans le cadre des d\u00e9l\u00e9gations qui lui ont \u00e9t\u00e9 consenties par le Conseil d\u2019administration, il d\u00e9lib\u00e8re \u00e0 la majorit\u00e9 absolue des suffrages exprim\u00e9s et, en cas d\u2019\u00e9galit\u00e9, le pr\u00e9sident a voix pr\u00e9pond\u00e9rante.<\/p>\n\n\n\n<p>Le pr\u00e9sident de l\u2019EPCI-C ordonnateur organise et dirige les travaux du Conseil d\u2019administration et du bureau, il repr\u00e9sente l\u2019\u00e9tablissement dans tous les actes de sa vie civile et administrative et il devra rendre compte annuellement de son mandat devant l\u2019Assembl\u00e9e de Corse.<\/p>\n\n\n\n<div style=\"height:25px\" aria-hidden=\"true\" class=\"wp-block-spacer\"><\/div>\n\n\n\n<hr class=\"wp-block-separator has-alpha-channel-opacity\" \/>\n\n\n\n<div style=\"height:25px\" aria-hidden=\"true\" class=\"wp-block-spacer\"><\/div>\n\n\n\n<h3 class=\"wp-block-heading\"><strong>Dans le vif du sujet\u2026<\/strong><\/h3>\n\n\n\n<p>\u00c0 la faveur de la derni\u00e8re session de l\u2019ann\u00e9e, les conseillers territoriaux ont valid\u00e9, le vendredi 19 d\u00e9cembre, l\u2019octroi au nouvel Etablissement des concessions avec leur cahier des charges respectif des quatre a\u00e9roports (Ajaccio Napol\u00e9on Bonaparte, Bastia-Poretta, Calvi Sainte-Catherine et Figari Sud Corse), ainsi que celle du port de commerce de Bastia. <\/p>\n\n\n\n<p>Depuis le 1<sup>er<\/sup> janvier 2026, ces infrastructures sont officiellement g\u00e9r\u00e9es par l\u2019\u00c9tablissement public du commerce et de l\u2019industrie de Corse. Les autres infrastructures, ports de commerce d\u2019Ajaccio, de Bonifacio, de Propriano et de l\u2019\u00cele-Rousse, le port de plaisance Tino Rossi et le Palais des Congr\u00e8s d\u2019Ajaccio ont vu leur contrat en cours repris par l\u2019Etablissement. Le but est d\u2019ob\u00e9ir obstin\u00e9ment au seul principe de la ma\u00eetrise publique des concessions. <\/p>\n\n\n\n<p>Une \u00e9volution b\u00e9n\u00e9fique pour chaque infrastructure de transport et les quelque 1 000 emplois concern\u00e9s. La non mise en concurrence \u00e9tant permise par le m\u00e9canisme dit de <em>\u00ab\u00a0quasi-r\u00e9gie\u00a0\u00bb<\/em>, facult\u00e9 juridique de droit europ\u00e9en et de droit fran\u00e7ais. Les a\u00e9roports et ports pourront toujours cofinancer directement leurs travaux en cas d\u2019exc\u00e9dent budg\u00e9taire, ce qui est d\u00e9j\u00e0 le cas actuellement. L\u00e0 encore, un rapport vot\u00e9 \u00e0 l&rsquo;unanimit\u00e9.<\/p>\n\n\n\n<div style=\"height:60px\" aria-hidden=\"true\" class=\"wp-block-spacer\"><\/div>\n\n\n\n<p><\/p>\n\n\n\n<div class=\"wp-block-media-text is-stacked-on-mobile\"><figure class=\"wp-block-media-text__media\"><img fetchpriority=\"high\" decoding=\"async\" width=\"800\" height=\"600\" src=\"https:\/\/www.cci.corsica\/wp-content\/uploads\/2026\/01\/fb.png\" alt=\"\" class=\"wp-image-9224 size-full\" srcset=\"https:\/\/www.cci.corsica\/wp-content\/uploads\/2026\/01\/fb.png 800w, https:\/\/www.cci.corsica\/wp-content\/uploads\/2026\/01\/fb-300x225.png 300w, https:\/\/www.cci.corsica\/wp-content\/uploads\/2026\/01\/fb-768x576.png 768w, https:\/\/www.cci.corsica\/wp-content\/uploads\/2026\/01\/fb-16x12.png 16w\" sizes=\"(max-width: 800px) 100vw, 800px\" \/><\/figure><div class=\"wp-block-media-text__content\">\n<p><strong><a href=\"https:\/\/www.calameo.com\/read\/00634001843cc3242f937\" target=\"_blank\" rel=\"noreferrer noopener\">Lire La Lettre n\u00b061<\/a><\/strong><\/p>\n<\/div><\/div>","protected":false},"excerpt":{"rendered":"<p>L\u2019exigence absolue de la maitrise publique de la gestion des ports et des a\u00e9roports a conduit tous les groupes politiques sans exception \u00e0 voter d\u2019une seule voix les statuts relatifs \u00e0 l\u2019\u00c9tablissement public du Commerce et de l\u2019Industrie de Corse<\/p>","protected":false},"author":6,"featured_media":9257,"comment_status":"closed","ping_status":"closed","sticky":false,"template":"","format":"standard","meta":{"_acf_changed":false,"_seopress_robots_primary_cat":"none","_seopress_titles_title":"","_seopress_titles_desc":"","_seopress_robots_index":"","footnotes":""},"categories":[25],"tags":[58,34],"class_list":["post-9254","post","type-post","status-publish","format-standard","has-post-thumbnail","hentry","category-actualite","tag-economie","tag-institution"],"acf":[],"_links":{"self":[{"href":"https:\/\/www.cci.corsica\/co\/wp-json\/wp\/v2\/posts\/9254","targetHints":{"allow":["GET"]}}],"collection":[{"href":"https:\/\/www.cci.corsica\/co\/wp-json\/wp\/v2\/posts"}],"about":[{"href":"https:\/\/www.cci.corsica\/co\/wp-json\/wp\/v2\/types\/post"}],"author":[{"embeddable":true,"href":"https:\/\/www.cci.corsica\/co\/wp-json\/wp\/v2\/users\/6"}],"replies":[{"embeddable":true,"href":"https:\/\/www.cci.corsica\/co\/wp-json\/wp\/v2\/comments?post=9254"}],"version-history":[{"count":2,"href":"https:\/\/www.cci.corsica\/co\/wp-json\/wp\/v2\/posts\/9254\/revisions"}],"predecessor-version":[{"id":9259,"href":"https:\/\/www.cci.corsica\/co\/wp-json\/wp\/v2\/posts\/9254\/revisions\/9259"}],"wp:featuredmedia":[{"embeddable":true,"href":"https:\/\/www.cci.corsica\/co\/wp-json\/wp\/v2\/media\/9257"}],"wp:attachment":[{"href":"https:\/\/www.cci.corsica\/co\/wp-json\/wp\/v2\/media?parent=9254"}],"wp:term":[{"taxonomy":"category","embeddable":true,"href":"https:\/\/www.cci.corsica\/co\/wp-json\/wp\/v2\/categories?post=9254"},{"taxonomy":"post_tag","embeddable":true,"href":"https:\/\/www.cci.corsica\/co\/wp-json\/wp\/v2\/tags?post=9254"}],"curies":[{"name":"wp","href":"https:\/\/api.w.org\/{rel}","templated":true}]}}