{"id":9260,"date":"2026-01-13T09:17:00","date_gmt":"2026-01-13T08:17:00","guid":{"rendered":"https:\/\/www.cci.corsica\/?p=9260"},"modified":"2026-01-13T09:17:00","modified_gmt":"2026-01-13T08:17:00","slug":"la-lettre-i-la-logique","status":"publish","type":"post","link":"https:\/\/www.cci.corsica\/co\/la-lettre-i-la-logique\/","title":{"rendered":"La Lettre I \u00ab\u00a0La logique qui pr\u00e9vaut est celle du partage des responsabilit\u00e9s\u00a0\u00bb"},"content":{"rendered":"<p><em><strong>\u00ab Jean Dominici aura un r\u00f4le d\u00e9terminant dans la mise en oeuvre du nouvel \u00e9tablissement \u00bb<\/strong><\/em><\/p>\n\n\n\n<p><strong>Gilles Simeoni<\/strong>, pr\u00e9sident es-qualit\u00e9 de l\u2019\u00c9tablissement public du commerce et de l\u2019industrie de Corse<\/p>\n\n\n\n<div style=\"height:25px\" aria-hidden=\"true\" class=\"wp-block-spacer\"><\/div>\n\n\n\n<hr class=\"wp-block-separator has-alpha-channel-opacity\" \/>\n\n\n\n<div style=\"height:40px\" aria-hidden=\"true\" class=\"wp-block-spacer\"><\/div>\n\n\n\n<p>&#8211; <strong>Le d\u00e9cret tardivement publi\u00e9 par le gouvernement sur l\u2019\u00c9tablissement public du commerce et de l\u2019industrie correspond-il, dans l\u2019esprit et dans la lettre, \u00e0 ce que vous souhaitiez&nbsp;?<\/strong><\/p>\n\n\n\n<p>Le d\u00e9cret reprend pour l\u2019essentiel ce qui avait \u00e9t\u00e9 n\u00e9goci\u00e9 et convenu avec le gouvernement \u00e0 quelques nuances pr\u00e8s. Il nous permet de passer r\u00e9solument \u00e0 la phase op\u00e9rationnelle du fonctionnement de l\u2019\u00e9tablissement public.<\/p>\n\n\n\n<p>&#8211; <strong>Que les \u00e9lus politiques aient d\u00e9sormais voix pr\u00e9pond\u00e9rante sur les \u00e9lus \u00e9conomiques, \u00e7a ne rompt pas les \u00e9quilibres&nbsp;?<\/strong><\/p>\n\n\n\n<p>Au niveau de la gestion des infrastructures de transport, c\u2019\u00e9tait la condition <em>sine qua non<\/em> de la quasi-r\u00e9gie et de l\u2019attribution dite <em>in house<\/em> des contrats de concession. Pour que ce r\u00e9gime juridique puisse exister, pas de choix possible&nbsp;: la Collectivit\u00e9 de Corse doit exercer sur l\u2019\u00e9tablissement public un contr\u00f4le analogue \u00e0 celui qu\u2019elle exerce sur ses propres services. Mais au-del\u00e0 de l\u2019intangibilit\u00e9 des principes juridiques, il y a un \u00e9tat d\u2019esprit et une fa\u00e7on de faire fonctionner l\u2019institution qui pr\u00e9vaudront&nbsp;: entre les \u00e9lus politiques et les \u00e9lus consulaires, la logique d\u2019\u00e9quilibre et de partage des responsabilit\u00e9s pr\u00e9vaudra.<\/p>\n\n\n\n<p>&#8211; <strong>Que r\u00e9pondez-vous \u00e0 ceux qui redoutent, notamment dans les rangs des \u00e9lus de l\u2019opposition, une concentration excessive des pouvoirs dans les seules mains de la Collectivit\u00e9 de Corse&nbsp;?<\/strong><\/p>\n\n\n\n<p>Le principe fondamental, th\u00e9oris\u00e9 par Montesquieu au XVIIIe si\u00e8cle selon lequel \u00ab&nbsp;le pouvoir arr\u00eate le pouvoir&nbsp;\u00bb pour se pr\u00e9munir de toute d\u00e9rive despotique, reste un principe d\u2019actualit\u00e9. En effet, il faut des poids et des contrepoids pour respecter la logique d\u00e9mocratique et garantir le pluralisme. Ce sera le cas dans le cadre de l\u2019\u00c9tablissement public industriel et commercial de Corse. Jean Dominici, le pr\u00e9sident historique de la CCI, aura un r\u00f4le d\u00e9terminant dans sa mise en \u0153uvre en sa qualit\u00e9 de premier vice-pr\u00e9sident. Il dispose d\u2019une tr\u00e8s large d\u00e9l\u00e9gation qui lui permettra d\u2019assurer et m\u00eame d\u2019incarner une forme de continuit\u00e9 dans le fonctionnement de l\u2019institution.<\/p>\n\n\n\n<p>&#8211; <strong>La gestion publique des ports et des a\u00e9roports est sanctuaris\u00e9e, mais il faut encore investir pour les rendre plus s\u00fbrs, plus fonctionnels et moins \u00e9nergivores. Vous en aurez les moyens ?<\/strong><\/p>\n\n\n\n<p>Les Corses n\u2019ont peut-\u00eatre pas encore pris la pleine mesure de ce que cette pr\u00e9rogative repr\u00e9sente de fondamental pour aujourd\u2019hui et pour demain. Nous sommes le seul territoire d\u2019Europe, y compris les territoires autonomes ou ind\u00e9pendants, \u00e0 avoir \u00e0 la fois la propri\u00e9t\u00e9 des ports et des a\u00e9roports et leur gestion publique. Un avantage et une plus-value extraordinaires pour d\u00e9finir et mettre en \u0153uvre notre strat\u00e9gie de d\u00e9veloppement \u00e9conomique et touristique. Ceci \u00e9tant, c\u2019est dans le cadre des nouveaux contrats de concession que nous poursuivrons notre politique extr\u00eamement ambitieuse d\u2019investissement \u00e0 travers, d\u2019une part, la r\u00e9affectation des produits d\u00e9gag\u00e9s par les concessions et, d\u2019autre part, l\u2019engagement financier de la Collectivit\u00e9 de Corse et de ses partenaires que sont l\u2019\u00c9tat et l\u2019Union europ\u00e9enne. Un engagement qui sera formalis\u00e9, dans les deux ans \u00e0 venir, par un Programme pluriannuel d\u2019investissement.<\/p>\n\n\n\n<p>&#8211; <strong>Quel sort r\u00e9servez-vous au projet de <em>Portu Novu<\/em> \u00e0 Bastia ?<\/strong><\/p>\n\n\n\n<p>Le renouvellement des infrastructures portuaires de Bastia reste pour moi une question prioritaire. Vu l\u2019ampleur des financements sp\u00e9cifiques \u00e0 envisager si une d\u00e9cision de cet ordre devait \u00eatre d\u00e9finitivement prise, la faisabilit\u00e9 de l\u2019op\u00e9ration devra \u00eatre absolument garantie.<\/p>\n\n\n\n<p>&#8211; <strong>Dans quel d\u00e9lai serait prise la d\u00e9cision pour un projet qui a pris de l\u2019\u00e2ge&nbsp;?<\/strong><\/p>\n\n\n\n<p>Tout est pr\u00eat pour que les Corses en g\u00e9n\u00e9ral et les Bastiais en particulier puissent se prononcer en toute connaissance de cause par r\u00e9f\u00e9rendum local. Le sujet viendra probablement en d\u00e9bat dans les semaines \u00e0 venir\u2026<\/p>\n\n\n\n<p>&#8211; <strong>L\u2019institution consulaire \u00e9crit le mot \u00ab&nbsp;fin&nbsp;\u00bb sur son livre encyclop\u00e9dique. Quel message souhaitez-vous d\u00e9livrer \u00e0 toutes celles et tous ceux qui ont fait son histoire jusqu\u2019\u00e0 Jean Dominici, son ultime pr\u00e9sident&nbsp;?<\/strong><\/p>\n\n\n\n<p>Les institutions s\u2019inscrivent dans le temps long, il est essentiel de garder en m\u00e9moire leur histoire. Ce poids de l\u2019histoire f\u00e9conde de la CCI, la doyenne des institutions de Corse, a \u00e9t\u00e9 ressenti lors de la derni\u00e8re assembl\u00e9e g\u00e9n\u00e9rale avec un sentiment de respect, de reconnaissance et beaucoup d\u2019\u00e9motion. Au moment o\u00f9 s\u2019ouvre le nouveau chapitre d\u2019un \u00e9tablissement public qui, pour avoir une forme juridique diff\u00e9rente, n\u2019en sera pas moins le continuateur de cette histoire, il faut rendre hommage \u00e0 toutes celles et ceux, \u00e9lus et salari\u00e9s, qui l\u2019ont \u00e9crite, notamment les pr\u00e9sidents successifs avec une pens\u00e9e personnelle toute particuli\u00e8re pour le pr\u00e9sident Dominici et son directeur g\u00e9n\u00e9ral, Philippe Albertini qui ont eu un r\u00f4le d\u00e9terminant dans la r\u00e9forme. Mais tous, \u00e0 travers le temps, ont incarn\u00e9 cette grande institution avec passion, perp\u00e9tuant, contre vents et mar\u00e9es, son rayonnement et son efficacit\u00e9.<\/p>\n\n\n\n<p>&#8211; <strong>Vous avez d\u00e9j\u00e0 une id\u00e9e de la premi\u00e8re initiative que vous prendrez en tant que pr\u00e9sident de l\u2019\u00e9tablissement public&nbsp;?<\/strong><\/p>\n\n\n\n<p>Le premier enjeu est d\u2019aller vers les salari\u00e9s pour leur dire que rien ne va changer pour eux mais, qu\u2019au contraire, on a une institution qui a vocation \u00e0 \u00eatre encore plus forte et encore plus rayonnante au service de la Corse et que je suis fier et heureux de pouvoir vivre cette exp\u00e9rience \u00e0 leur c\u00f4t\u00e9.<\/p>\n\n\n\n<p>&#8211; <strong>Quand la Chambre r\u00e9gionale de M\u00e9tiers et de l\u2019Artisanat suivra-t-elle le m\u00eame chemin&nbsp;?<\/strong><\/p>\n\n\n\n<p>La loi a pr\u00e9vu la m\u00eame \u00e9volution statutaire. Les circonstances politiques \u00e0 Paris ont contrari\u00e9 le processus. Pour moi, c\u2019est une priorit\u00e9 absolue et je souhaite, en concertation avec le pr\u00e9sident Martinelli et son \u00e9quipe, que le statut de la Chambre de M\u00e9tiers et de l\u2019Artisanat soit r\u00e9gl\u00e9 dans le courant de l\u2019ann\u00e9e 2026.<\/p>\n\n\n\n<div style=\"height:50px\" aria-hidden=\"true\" class=\"wp-block-spacer\"><\/div>\n\n\n\n<div class=\"wp-block-media-text is-stacked-on-mobile\"><figure class=\"wp-block-media-text__media\"><img fetchpriority=\"high\" decoding=\"async\" width=\"800\" height=\"600\" src=\"https:\/\/www.cci.corsica\/wp-content\/uploads\/2026\/01\/fb.png\" alt=\"\" class=\"wp-image-9224 size-full\" srcset=\"https:\/\/www.cci.corsica\/wp-content\/uploads\/2026\/01\/fb.png 800w, https:\/\/www.cci.corsica\/wp-content\/uploads\/2026\/01\/fb-300x225.png 300w, https:\/\/www.cci.corsica\/wp-content\/uploads\/2026\/01\/fb-768x576.png 768w, https:\/\/www.cci.corsica\/wp-content\/uploads\/2026\/01\/fb-16x12.png 16w\" sizes=\"(max-width: 800px) 100vw, 800px\" \/><\/figure><div class=\"wp-block-media-text__content\">\n<p><strong><a href=\"https:\/\/www.calameo.com\/read\/00634001843cc3242f937\" target=\"_blank\" rel=\"noreferrer noopener\">Lire La Lettre n\u00b061<\/a><\/strong><\/p>\n<\/div><\/div>","protected":false},"excerpt":{"rendered":"<p>Gilles Simeoni insiste sur l\u2019\u00e9quilibre entre les \u00e9lus politiques et les \u00e9lus \u00e9conomiques. Le pr\u00e9sident de l\u2019\u00c9tablissement public du commerce et de l\u2019industrie dit que sa premi\u00e8re initiative sera d\u2019aller \u00e0 la rencontre des salari\u00e9s<\/p>","protected":false},"author":6,"featured_media":9263,"comment_status":"closed","ping_status":"closed","sticky":false,"template":"","format":"standard","meta":{"_acf_changed":false,"_seopress_robots_primary_cat":"none","_seopress_titles_title":"","_seopress_titles_desc":"","_seopress_robots_index":"","footnotes":""},"categories":[25],"tags":[58,34],"class_list":["post-9260","post","type-post","status-publish","format-standard","has-post-thumbnail","hentry","category-actualite","tag-economie","tag-institution"],"acf":[],"_links":{"self":[{"href":"https:\/\/www.cci.corsica\/co\/wp-json\/wp\/v2\/posts\/9260","targetHints":{"allow":["GET"]}}],"collection":[{"href":"https:\/\/www.cci.corsica\/co\/wp-json\/wp\/v2\/posts"}],"about":[{"href":"https:\/\/www.cci.corsica\/co\/wp-json\/wp\/v2\/types\/post"}],"author":[{"embeddable":true,"href":"https:\/\/www.cci.corsica\/co\/wp-json\/wp\/v2\/users\/6"}],"replies":[{"embeddable":true,"href":"https:\/\/www.cci.corsica\/co\/wp-json\/wp\/v2\/comments?post=9260"}],"version-history":[{"count":2,"href":"https:\/\/www.cci.corsica\/co\/wp-json\/wp\/v2\/posts\/9260\/revisions"}],"predecessor-version":[{"id":9265,"href":"https:\/\/www.cci.corsica\/co\/wp-json\/wp\/v2\/posts\/9260\/revisions\/9265"}],"wp:featuredmedia":[{"embeddable":true,"href":"https:\/\/www.cci.corsica\/co\/wp-json\/wp\/v2\/media\/9263"}],"wp:attachment":[{"href":"https:\/\/www.cci.corsica\/co\/wp-json\/wp\/v2\/media?parent=9260"}],"wp:term":[{"taxonomy":"category","embeddable":true,"href":"https:\/\/www.cci.corsica\/co\/wp-json\/wp\/v2\/categories?post=9260"},{"taxonomy":"post_tag","embeddable":true,"href":"https:\/\/www.cci.corsica\/co\/wp-json\/wp\/v2\/tags?post=9260"}],"curies":[{"name":"wp","href":"https:\/\/api.w.org\/{rel}","templated":true}]}}