{"id":9269,"date":"2026-01-15T09:24:23","date_gmt":"2026-01-15T08:24:23","guid":{"rendered":"https:\/\/www.cci.corsica\/?p=9269"},"modified":"2026-01-16T14:12:07","modified_gmt":"2026-01-16T13:12:07","slug":"la-lettre-i-course-de-fonds","status":"publish","type":"post","link":"https:\/\/www.cci.corsica\/co\/la-lettre-i-course-de-fonds\/","title":{"rendered":"La Lettre I Course de \u00ab\u00a0fonds\u00a0\u00bb et urgence absolue"},"content":{"rendered":"<p>Elle avait \u00e9t\u00e9 constitu\u00e9e par J\u00e9r\u00f4me Filippini pour conseiller et aider les entreprises en difficult\u00e9 ou en qu\u00eate de d\u00e9veloppement. Le pr\u00e9fet de R\u00e9gion \u00c9ric Jalon a choisi de se placer dans les pas de son pr\u00e9d\u00e9cesseur en conservant la \u00ab&nbsp;cellule \u00e9conomique de Corse&nbsp;\u00bb qui a vocation \u00e0 agir en compl\u00e9mentarit\u00e9 des actions d\u00e9j\u00e0 men\u00e9es par la Collectivit\u00e9 de Corse et la chambre dans ses nouveaux atours juridiques. <\/p>\n\n\n\n<p>Jean Dominici a d\u2019ailleurs tenu \u00e0 assister \u00e0 la longue s\u00e9ance de travail qui s\u2019est tenue trois jours apr\u00e8s l\u2019assembl\u00e9e g\u00e9n\u00e9rale \u00e0 l\u2019h\u00f4tel consulaire de Bastia en pr\u00e9sence d\u2019un ar\u00e9opage de chefs d\u2019entreprises et de repr\u00e9sentants de fili\u00e8res et organismes professionnels. <em>\u00ab&nbsp;Il \u00e9tait essentiel de se doter d\u2019un espace pour confronter les analyses et partager les informations dans un contexte national complexe. C\u2019est par l\u2019identification pr\u00e9cise des probl\u00e8mes que l\u2019on pourra proposer les meilleures solutions pour les r\u00e9gler.&nbsp;\u00bb<\/em> <\/p>\n\n\n\n<p>Apr\u00e8s Gilles Simeoni, le pr\u00e9sident Dominici donnait de la chair et du sang \u00e0 la cellule par le rappel d\u2019une \u00e9vidence trop souvent n\u00e9glig\u00e9e&nbsp;: derri\u00e8re les d\u00e9faillances d\u2019entreprises, il y a des vies, des histoires familiales et patrimoniales. Au terme de trois heures d\u2019\u00e9changes, desquels surgissent parfois des accents de d\u00e9tresse, appara\u00eet clairement le d\u00e9calage, pour ne pas dire la dissonance, entre le panel \u00e9toff\u00e9 des outils, utilis\u00e9s pour \u00e9tablir les diagnostics et apporter les rem\u00e8des, et le caract\u00e8re urgence de la situation de certains secteurs en danger, \u00e0 l\u2019exemple du BTP et de l\u2019h\u00f4tellerie-restauration.<\/p>\n\n\n\n<div style=\"height:30px\" aria-hidden=\"true\" class=\"wp-block-spacer\"><\/div>\n\n\n\n<h3 class=\"wp-block-heading\"><strong>\u00ab&nbsp;La cellule est une bonne porte d\u2019entr\u00e9e&nbsp;\u00bb<\/strong><\/h3>\n\n\n\n<p>Le message prioritaire qu\u2019aspire \u00e0 faire passer le pr\u00e9fet de Corse, c\u2019est d\u2019agir le plus en amont possible afin de pr\u00e9venir les difficult\u00e9s avant qu\u2019il ne soit trop tard&nbsp;: <em>\u00ab&nbsp;Nous solliciter n\u2019est pas un aveu de faiblesse, c\u2019est le moyen de rep\u00e9rer les risques pour mieux les \u00e9carter.&nbsp;\u00bb<\/em> Le pr\u00e9sident du Conseil ex\u00e9cutif partage la pr\u00e9occupation&nbsp;: <em>\u00ab&nbsp;La Corse a une dynamique entrepreneuriale forte. La phase de d\u00e9tection est d\u00e9terminante. La cellule est une bonne porte d\u2019entr\u00e9e pour am\u00e9liorer la coordination et l\u2019information&nbsp;: les plus modestes des entreprises doivent franchir l\u2019obstacle psychologique pour frapper \u00e0 cette porte.&nbsp;\u00bb<\/em><\/p>\n\n\n\n<p>En avril dernier, l\u2019Assembl\u00e9e de Corse a adoub\u00e9 une enveloppe de 54 M\u20ac pour soutenir les entreprises d\u2019ici 2030. Le pr\u00e9sident de l\u2019ADEC, Gilles Giovannangeli, informe qu\u2019elle a d\u00e9j\u00e0 \u00e9t\u00e9 d\u00e9ploy\u00e9e en grande partie via six fonds qui ouvrent la voie \u00e0 des pr\u00eats tr\u00e8s avantageux \u2013 certains \u00e0 taux 0 \u2013 pour investir dans les transitions (num\u00e9rique, \u00e9nergie, \u00e9cologie), obtenir des garanties bancaires pour des emprunts jusqu\u2019\u00e0 500 000 \u20ac, obtenir de la tr\u00e9sorerie pour surmonter des difficult\u00e9s conjoncturelles, b\u00e9n\u00e9ficier d\u2019aides au rebond voire m\u00eame accueillir le coup de pouce financier qui couvrira &nbsp;une partie des frais inh\u00e9rents aux proc\u00e9dures, redressement, d\u00e9p\u00f4t de bilan, etc.<\/p>\n\n\n\n<p>En mati\u00e8re d\u2019accompagnement, l\u2019\u00c9tat n\u2019est pas en reste et d\u00e9cline \u00e0 son tour le catalogue des instruments et des comp\u00e9tences mis \u00e0 disposition des TPE et des PME. L\u2019occasion pour ses direceurs de souligner le pr\u00e9cieux concours de la CCI de Corse dans quasiment toutes les actions y compris la cybers\u00e9curit\u00e9.<\/p>\n\n\n\n<div style=\"height:30px\" aria-hidden=\"true\" class=\"wp-block-spacer\"><\/div>\n\n\n\n<h3 class=\"wp-block-heading\"><strong>Le spleen de l\u2019H\u00f4tellerie et du BTP<\/strong><\/h3>\n\n\n\n<p>L\u00e0 o\u00f9 le b\u00e2t blesse, c\u2019est la discordance entre l\u2019\u00e9ventail des dispositifs, aussi pertinents et efficaces soient-ils, et l\u2019urgence absolue \u00e0 laquelle des secteurs d\u2019activit\u00e9, et pas des moindres, sont confront\u00e9s. On n\u2019a plus ni le temps ni l\u2019envie d\u2019entreprendre des d\u00e9marches une fois au pied du mur. Sous sa casquette de pr\u00e9sident du Groupement des H\u00f4teliers et Restaurateurs de Corse (GHR), C\u00e9sar Filippi s\u2019alarme de la pouss\u00e9e des radiations&nbsp;: plus 36 %. \u00c0 ce jour, une vingtaine d\u2019h\u00f4tels familiaux sont en vente et expos\u00e9s \u00e0 la pr\u00e9dation de grands groupes. La croissance exponentielle des logements locatifs n\u2019est pas maitris\u00e9e&nbsp;: <em>\u00ab&nbsp;On recense six logements pour une chambre d\u2019h\u00f4tel&nbsp;!&nbsp;\u00bb<\/em> Quant au surco\u00fbt d\u2019exploitation par rapport au continent, il est estim\u00e9 \u00e0 24 %. <\/p>\n\n\n\n<p>Le regard se tourne davantage vers l\u2019\u00c9tat que vers Jean Dominici qui, au nom de la CCI de Corse, n\u2019a eu de cesse de r\u00e9clamer une fiscalit\u00e9 adapt\u00e9e pour r\u00e9duire cette iniquit\u00e9 territoriale et lutter contre le paracommercialisme. Le sort du BTP n\u2019est pas davantage enviable. Il n\u2019y a aucune visibilit\u00e9 sur la commande publique. <em>\u00ab&nbsp;Personne ne mesure l\u2019extr\u00eame gravit\u00e9 de la situation&nbsp;\u00bb<\/em> regrette am\u00e8rement Corinne Bernardini, pr\u00e9sidente du BTP de Corse-du-Sud. L\u2019\u00c9tat et la Collectivit\u00e9 de Corse sont conscients de ce cocktail d\u00e9tonant qui mixtionne probl\u00e8mes conjoncturels et handicaps structurels mais ils peinent \u00e0 rassurer. <\/p>\n\n\n\n<p>La cellule promet d\u2019acc\u00e9l\u00e9rer son agenda des r\u00e9unions en 2026 afin de rester en connexion permanente avec les femmes et les hommes qui font l\u2019\u00e9conomie de la Corse contre vents et mar\u00e9es. Tout le monde s\u2019accorde sur une promesse&nbsp;: ce ne sera pas une cellule dormante.<\/p>\n\n\n\n<div style=\"height:60px\" aria-hidden=\"true\" class=\"wp-block-spacer\"><\/div>\n\n\n\n<div class=\"wp-block-media-text is-stacked-on-mobile\"><figure class=\"wp-block-media-text__media\"><img fetchpriority=\"high\" decoding=\"async\" width=\"800\" height=\"600\" src=\"https:\/\/www.cci.corsica\/wp-content\/uploads\/2026\/01\/fb.png\" alt=\"\" class=\"wp-image-9224 size-full\" srcset=\"https:\/\/www.cci.corsica\/wp-content\/uploads\/2026\/01\/fb.png 800w, https:\/\/www.cci.corsica\/wp-content\/uploads\/2026\/01\/fb-300x225.png 300w, https:\/\/www.cci.corsica\/wp-content\/uploads\/2026\/01\/fb-768x576.png 768w, https:\/\/www.cci.corsica\/wp-content\/uploads\/2026\/01\/fb-16x12.png 16w\" sizes=\"(max-width: 800px) 100vw, 800px\" \/><\/figure><div class=\"wp-block-media-text__content\">\n<p><strong><a href=\"https:\/\/www.calameo.com\/read\/00634001843cc3242f937\" target=\"_blank\" rel=\"noreferrer noopener\">Lire La Lettre n\u00b061<\/a><\/strong><\/p>\n<\/div><\/div>","protected":false},"excerpt":{"rendered":"<p>L\u2019\u00c9tat, la Collectivit\u00e9 de Corse et le r\u00e9seau consulaire intensifient le soutien aux entreprises via la cellule \u00e9conomique pilot\u00e9e par le pr\u00e9fet de R\u00e9gion. Mais des secteurs r\u00e9clament des interventions pressantes<\/p>","protected":false},"author":6,"featured_media":9272,"comment_status":"closed","ping_status":"closed","sticky":false,"template":"","format":"standard","meta":{"_acf_changed":false,"_seopress_robots_primary_cat":"none","_seopress_titles_title":"","_seopress_titles_desc":"","_seopress_robots_index":"","footnotes":""},"categories":[18],"tags":[58],"class_list":["post-9269","post","type-post","status-publish","format-standard","has-post-thumbnail","hentry","category-a-la-une","tag-economie"],"acf":[],"_links":{"self":[{"href":"https:\/\/www.cci.corsica\/co\/wp-json\/wp\/v2\/posts\/9269","targetHints":{"allow":["GET"]}}],"collection":[{"href":"https:\/\/www.cci.corsica\/co\/wp-json\/wp\/v2\/posts"}],"about":[{"href":"https:\/\/www.cci.corsica\/co\/wp-json\/wp\/v2\/types\/post"}],"author":[{"embeddable":true,"href":"https:\/\/www.cci.corsica\/co\/wp-json\/wp\/v2\/users\/6"}],"replies":[{"embeddable":true,"href":"https:\/\/www.cci.corsica\/co\/wp-json\/wp\/v2\/comments?post=9269"}],"version-history":[{"count":2,"href":"https:\/\/www.cci.corsica\/co\/wp-json\/wp\/v2\/posts\/9269\/revisions"}],"predecessor-version":[{"id":9274,"href":"https:\/\/www.cci.corsica\/co\/wp-json\/wp\/v2\/posts\/9269\/revisions\/9274"}],"wp:featuredmedia":[{"embeddable":true,"href":"https:\/\/www.cci.corsica\/co\/wp-json\/wp\/v2\/media\/9272"}],"wp:attachment":[{"href":"https:\/\/www.cci.corsica\/co\/wp-json\/wp\/v2\/media?parent=9269"}],"wp:term":[{"taxonomy":"category","embeddable":true,"href":"https:\/\/www.cci.corsica\/co\/wp-json\/wp\/v2\/categories?post=9269"},{"taxonomy":"post_tag","embeddable":true,"href":"https:\/\/www.cci.corsica\/co\/wp-json\/wp\/v2\/tags?post=9269"}],"curies":[{"name":"wp","href":"https:\/\/api.w.org\/{rel}","templated":true}]}}