{"id":9332,"date":"2026-01-23T16:03:38","date_gmt":"2026-01-23T15:03:38","guid":{"rendered":"https:\/\/www.cci.corsica\/?p=9332"},"modified":"2026-01-23T16:03:39","modified_gmt":"2026-01-23T15:03:39","slug":"residence-dacceleration-transition-ecologique-4","status":"publish","type":"post","link":"https:\/\/www.cci.corsica\/co\/residence-dacceleration-transition-ecologique-4\/","title":{"rendered":"R\u00e9sidence d\u2019Acc\u00e9l\u00e9ration Transition \u00c9cologique #4"},"content":{"rendered":"<p>Un accompagnement structurant pour les entreprises corses :<\/p>\n\n\n\n<p>L\u2019\u00c9tablissement Public du Commerce et de l\u2019Industrie (EPCI) de Corse est partenaire de la R\u00e9sidence d\u2019Acc\u00e9l\u00e9ration Transition \u00c9cologique #4, un programme d\u2019accompagnement dans la dur\u00e9e destin\u00e9 aux entreprises corses qui souhaitent engager, acc\u00e9l\u00e9rer ou consolider leur transition \u00e9cologique.<\/p>\n\n\n\n<p>Port\u00e9e par Iss\u00e9ho et un collectif de partenaires, la R\u00e9sidence combine un temps fort immersif et un suivi op\u00e9rationnel de 9 mois, pour aider les entreprises \u00e0 passer de l\u2019intention \u00e0 la mise en \u0153uvre concr\u00e8te.<\/p>\n\n\n\n<h3 class=\"wp-block-heading\"><strong>Un programme pour faire de la transition un levier de performance<\/strong><\/h3>\n\n\n\n<p>La R\u00e9sidence d\u2019Acc\u00e9l\u00e9ration Transition \u00c9cologique a pour objectifs d\u2019aider les entreprises \u00e0 :<\/p>\n\n\n\n<ul class=\"wp-block-list\">\n<li><strong>Repenser leur mod\u00e8le \u00e9conomique<\/strong> face aux enjeux environnementaux, sociaux et territoriaux ;<\/li>\n\n\n\n<li><strong>Int\u00e9grer la transition \u00e9cologique<\/strong> comme un v\u00e9ritable levier d\u2019innovation, de performance et de r\u00e9silience ;<\/li>\n\n\n\n<li><strong>Structurer une strat\u00e9gie claire, r\u00e9aliste et actionnable<\/strong> sur le moyen terme.<\/li>\n<\/ul>\n\n\n\n<p>La d\u00e9marche vise des r\u00e9sultats <strong>concrets<\/strong>, adapt\u00e9s aux r\u00e9alit\u00e9s \u00e9conomiques des entreprises corses, quels que soient leur taille, leur secteur ou leur niveau de maturit\u00e9 sur les sujets de transition.<\/p>\n\n\n\n<h3 class=\"wp-block-heading\"><strong>\u00c0 qui s\u2019adresse l\u2019appel \u00e0 candidatures ?<\/strong><\/h3>\n\n\n\n<p>L\u2019appel \u00e0 candidatures est ouvert aux <strong>entreprises, associations ou groupements corses<\/strong>, tous secteurs confondus, qui :<\/p>\n\n\n\n<ul class=\"wp-block-list\">\n<li>souhaitent structurer ou approfondir leur d\u00e9marche de transition \u00e9cologique ;<\/li>\n\n\n\n<li>cherchent \u00e0 prendre du recul sur leurs pratiques et leur strat\u00e9gie ;<\/li>\n\n\n\n<li>sont pr\u00eates \u00e0 s\u2019engager dans un accompagnement exigeant, collectif et progressif.<\/li>\n<\/ul>\n\n\n\n<p>Le programme est <strong>accessible \u00e0 tous les niveaux de maturit\u00e9<\/strong> : que la transition \u00e9cologique soit d\u00e9j\u00e0 engag\u00e9e ou encore \u00e0 ses d\u00e9buts, la R\u00e9sidence propose un cadre adapt\u00e9.<\/p>\n\n\n\n<h3 class=\"wp-block-heading\"><strong>Une \u00e9dition 2026 renforc\u00e9e<\/strong><\/h3>\n\n\n\n<p>En 2026, la R\u00e9sidence d\u2019Acc\u00e9l\u00e9ration Transition \u00c9cologique <strong>monte en puissance<\/strong> avec un format renforc\u00e9, con\u00e7u pour accompagner plus finement le passage \u00e0 l\u2019action :<\/p>\n\n\n\n<ol class=\"wp-block-list\">\n<li><strong>Un temps immersif<\/strong>\n<ul class=\"wp-block-list\">\n<li><strong>5 jours cons\u00e9cutifs \u00e0 Ajaccio<\/strong>,<\/li>\n\n\n\n<li>pour <strong>15 entreprises s\u00e9lectionn\u00e9es<\/strong>,<\/li>\n\n\n\n<li>m\u00ealant ateliers collectifs, coaching personnalis\u00e9 et temps d\u2019inspiration anim\u00e9s par des experts et des dirigeant\u00b7es engag\u00e9s.<\/li>\n<\/ul>\n<\/li>\n<\/ol>\n\n\n\n<ol start=\"2\" class=\"wp-block-list\">\n<li><strong>Un accompagnement dans la dur\u00e9e<\/strong>\n<ul class=\"wp-block-list\">\n<li>un <strong>suivi structur\u00e9 sur 9 mois<\/strong>,<\/li>\n\n\n\n<li>avec <strong>6 temps forts<\/strong> (soit <strong>10 jours au total<\/strong>),<\/li>\n\n\n\n<li>pour accompagner la mise en \u0153uvre des actions, tester, ajuster et d\u00e9ployer les solutions.<\/li>\n<\/ul>\n<\/li>\n<\/ol>\n\n\n\n<p>L\u2019objectif : permettre \u00e0 chaque entreprise de construire une <strong>strat\u00e9gie d\u2019impact claire et op\u00e9rationnelle<\/strong>, en faisant de la transition \u00e9cologique un atout strat\u00e9gique.<\/p>\n\n\n\n<h3 class=\"wp-block-heading\"><strong>Int\u00e9grer la <em>Cumunit\u00e0<\/em><\/strong><\/h3>\n\n\n\n<p>Participer \u00e0 la R\u00e9sidence, c\u2019est aussi entrer dans <strong>la Cumunit\u00e0<\/strong> : un collectif d\u2019entreprises et d\u2019acteurs \u00e9conomiques corses engag\u00e9s dans la transition \u00e9cologique et sociale.<\/p>\n\n\n\n<p>Au sein de cette communaut\u00e9, les membres :<\/p>\n\n\n\n<ul class=\"wp-block-list\">\n<li>s\u2019entraident via des \u00e9changes r\u00e9guliers, des retours d\u2019exp\u00e9rience et des mises en relation ;<\/li>\n\n\n\n<li>co-construisent des <strong>projets collectifs<\/strong> ;<\/li>\n\n\n\n<li>acc\u00e8dent \u00e0 des <strong>ressources exclusives<\/strong> (base de donn\u00e9es, \u00e9v\u00e9nements d\u00e9di\u00e9s, informations sur les dispositifs de financement et d\u2019aides, etc.) ;<\/li>\n\n\n\n<li>valorisent leurs engagements et leur ancrage local gr\u00e2ce \u00e0 une <strong>visibilit\u00e9 renforc\u00e9e<\/strong>.<\/li>\n<\/ul>\n\n\n\n<p>En int\u00e9grant la R\u00e9sidence, les entreprises rejoignent ainsi une <strong>communaut\u00e9 solide et structur\u00e9e<\/strong>, au service de la transition du territoire.<\/p>\n\n\n\n<h3 class=\"wp-block-heading\"><strong>Comment candidater ?<\/strong><\/h3>\n\n\n\n<p>Les candidatures se font <strong>en ligne<\/strong>, via la plateforme d\u00e9di\u00e9e :<\/p>\n\n\n\n<p><strong>Candidater \u00e0 la R\u00e9sidence<\/strong> :<br><a href=\"http:\/\/www.residence-acceleration.com\/\">www.residence-acceleration.com<\/a><\/p>\n\n\n\n<p>D<strong>ate limite de d\u00e9p\u00f4t des candidatures : 8 f\u00e9vrier 2026<\/strong><\/p>\n\n\n\n<p><strong>Les dates cl\u00e9s<\/strong><\/p>\n\n\n\n<ul class=\"wp-block-list\">\n<li>Appel \u00e0 candidatures : jusqu\u2019au 8 f\u00e9vrier 2026<\/li>\n\n\n\n<li>Annonce de la s\u00e9lection : 23 f\u00e9vrier 2026<\/li>\n\n\n\n<li>Temps immersif de la R\u00e9sidence : du 29 mars au 3 avril 2026 (5 jours cons\u00e9cutifs)<\/li>\n\n\n\n<li>Accompagnement dans la dur\u00e9e : plusieurs mois de suivi post-R\u00e9sidence, avec des temps forts r\u00e9guliers tout au long de l\u2019ann\u00e9e.<\/li>\n<\/ul>\n\n\n\n<p>L\u2019EPCI de Corse invite les entreprises et structures corses int\u00e9ress\u00e9es \u00e0 <strong>d\u00e9poser leur candidature<\/strong> et \u00e0 saisir cette opportunit\u00e9 pour faire de la transition \u00e9cologique un pilier de leur strat\u00e9gie de d\u00e9veloppement.<\/p>","protected":false},"excerpt":{"rendered":"<p>L\u2019EPCI de Corse est partenaire de la R\u00e9sidence d\u2019Acc\u00e9l\u00e9ration Transition \u00c9cologique #4, un programme long qui aide les entreprises corses \u00e0 structurer et renforcer leur transition \u00e9cologique, entre temps immersif \u00e0 Ajaccio et accompagnement sur 9 mois.<\/p>","protected":false},"author":4,"featured_media":0,"comment_status":"closed","ping_status":"closed","sticky":false,"template":"","format":"standard","meta":{"_acf_changed":false,"_seopress_robots_primary_cat":"none","_seopress_titles_title":"R\u00e9sidence d\u2019Acc\u00e9l\u00e9ration Transition \u00c9cologique #4","_seopress_titles_desc":"R\u00e9sidence d\u2019Acc\u00e9l\u00e9ration Transition \u00c9cologique #4 : un programme long pour aider les entreprises corses \u00e0 structurer leur transition \u00e9cologique, avec 5 jours immersifs \u00e0 Ajaccio et 9 mois d\u2019accompagnement. Candidatures ouvertes jusqu\u2019au 8 f\u00e9vrier 2026.","_seopress_robots_index":"","footnotes":""},"categories":[25],"tags":[],"class_list":["post-9332","post","type-post","status-publish","format-standard","hentry","category-actualite"],"acf":[],"_links":{"self":[{"href":"https:\/\/www.cci.corsica\/co\/wp-json\/wp\/v2\/posts\/9332","targetHints":{"allow":["GET"]}}],"collection":[{"href":"https:\/\/www.cci.corsica\/co\/wp-json\/wp\/v2\/posts"}],"about":[{"href":"https:\/\/www.cci.corsica\/co\/wp-json\/wp\/v2\/types\/post"}],"author":[{"embeddable":true,"href":"https:\/\/www.cci.corsica\/co\/wp-json\/wp\/v2\/users\/4"}],"replies":[{"embeddable":true,"href":"https:\/\/www.cci.corsica\/co\/wp-json\/wp\/v2\/comments?post=9332"}],"version-history":[{"count":3,"href":"https:\/\/www.cci.corsica\/co\/wp-json\/wp\/v2\/posts\/9332\/revisions"}],"predecessor-version":[{"id":9336,"href":"https:\/\/www.cci.corsica\/co\/wp-json\/wp\/v2\/posts\/9332\/revisions\/9336"}],"wp:attachment":[{"href":"https:\/\/www.cci.corsica\/co\/wp-json\/wp\/v2\/media?parent=9332"}],"wp:term":[{"taxonomy":"category","embeddable":true,"href":"https:\/\/www.cci.corsica\/co\/wp-json\/wp\/v2\/categories?post=9332"},{"taxonomy":"post_tag","embeddable":true,"href":"https:\/\/www.cci.corsica\/co\/wp-json\/wp\/v2\/tags?post=9332"}],"curies":[{"name":"wp","href":"https:\/\/api.w.org\/{rel}","templated":true}]}}