{"id":9615,"date":"2026-03-09T12:34:56","date_gmt":"2026-03-09T11:34:56","guid":{"rendered":"https:\/\/www.cci.corsica\/?p=9615"},"modified":"2026-03-09T12:34:57","modified_gmt":"2026-03-09T11:34:57","slug":"la-lettre-sapori-le-gout-denvoi","status":"publish","type":"post","link":"https:\/\/www.cci.corsica\/co\/la-lettre-sapori-le-gout-denvoi\/","title":{"rendered":"La Lettre | Sapori, le \u00ab\u00a0go\u00fbt\u00a0\u00bb d\u2019envoi\u00a0!"},"content":{"rendered":"<p><\/p>\n\n\n\n<p>C\u2019est un jour de fin f\u00e9vrier comme l\u2019hiver sait en mijoter en Corse. Le ciel est limpide, festonn\u00e9 de nuages gorg\u00e9s de lumi\u00e8re opaline. Le soleil inonde aussi bien l\u2019horizon que les assiettes. C\u2019est l\u2019heure du d\u00e9jeuner. Le premier propos\u00e9 au public \u00e0 l\u2019\u00e9tage panoramique du Palais des congr\u00e8s qui h\u00e9berge <em>Sapori,<\/em> le restaurant d\u2019application bien nomm\u00e9 \u2013 saveurs en langue corse \u2013 de l\u2019\u00c9cole h\u00f4teli\u00e8re m\u00e9diterran\u00e9enne. Pour l\u2019\u00e9v\u00e8nement, tout est tir\u00e9 \u00e0 quatre \u00e9pingles, les nappes, les couverts, les serviettes, les uniformes. La vue imprenable sur la mer sugg\u00e8re d\u00e9j\u00e0 le voyage \u00e0 travers le monde des saveurs. La cuisine est un art qui se partage. Les sourires rayonnants \u00e9tir\u00e9s des convives le confirment. Cuisiner suppose une t\u00eate l\u00e9g\u00e8re, un esprit g\u00e9n\u00e9reux, un c\u0153ur large. C\u2019est ce qui caract\u00e9rise Emmanuel Lejou, formateur d\u2019exception \u00e0 Ampar\u00e0 M\u00e9diterran\u00e9e, Ma\u00eetre Cuisinier de France, champion national des desserts. S\u2019il y a bien un condiment qui lui est familier, ce sont les\u2026 lauriers.<\/p>\n\n\n\n<h3 class=\"wp-block-heading\"><strong>Des CAP 2<\/strong><strong><sup>e<\/sup><\/strong><strong> ann\u00e9e pour le bapt\u00eame du feu&nbsp;!<\/strong><\/h3>\n\n\n\n<p>Pour cette \u00ab&nbsp;premi\u00e8re&nbsp;\u00bb, il n\u2019a pas c\u00e9d\u00e9 \u00e0 la facilit\u00e9. Le menu qu\u2019il a con\u00e7u r\u00e9pond \u00e0 une cuisine de saison, ancr\u00e9e dans l\u2019art de vivre m\u00e9diterran\u00e9en et l\u2019inclination pour les circuits courts. Un menu conforme au temps et \u00e0 l\u2019ambiance, des couleurs, des parfums, de l\u2019esth\u00e9tique et, bien s\u00fbr, des saveurs. \u00c0 ses c\u00f4t\u00e9s, devant les pianos de cuisson, une \u00e9quipe de huit jeunes de CAP 2<sup>e<\/sup> ann\u00e9e, autant dire des d\u00e9butants. Dans la salle, une escouade de jeunes gar\u00e7ons et de jeunes filles se d\u00e9m\u00e8ne sous le regard bienveillant, attentif et rigoureux de Sandra Burlon. Le sens de l\u2019accueil et l\u2019exigence propre aux m\u00e9tiers de l\u2019hospitalit\u00e9 hantent d\u00e9j\u00e0 les jeunes apprenants. En assurant le service aux autres, ils se rendent en quelque sorte service \u00e0 eux-m\u00eames.<\/p>\n\n\n\n<p><em>Sapori <\/em>est un nom qui conf\u00e8re une dimension sensorielle \u00e0 l\u2019identit\u00e9 de l\u2019\u00e9cole, car le go\u00fbt est un sens qui s\u2019\u00e9duque et m\u00fbrit. \u00c0 travers lui, l\u2019\u00c9HM mitonne jour apr\u00e8s jour son ambition : former les professionnels de l\u2019h\u00f4tellerie-restauration de demain en contribuant \u00e0 la dynamique \u00e9conomique et gastronomique locale.&nbsp;<\/p>\n\n\n\n<p>Ce premier d\u00e9jeuner public est tr\u00e8s prometteur*. Une fois le service termin\u00e9, Emmanuel Lojou et Sandra Burlon d\u00e9briefent sur la terrasse.&nbsp;<em> \u00ab&nbsp;Nous sommes plut\u00f4t satisfaits mais on pouvait faire toujours mieux\u2026&nbsp;\u00bb <\/em>En parfaits p\u00e9dagogues, ils n\u2019exigent pas trop, mais ils demandent le meilleur.<\/p>\n\n\n\n<p><em>*Bient\u00f4t, il sera possible de r\u00e9server une table \u00e0 <\/em>Sapori<em> via <\/em>Zenchef<em>, une application t\u00e9l\u00e9chargeable gratuitement.<\/em><\/p>\n\n\n\n<figure class=\"wp-block-image aligncenter size-medium\"><img fetchpriority=\"high\" decoding=\"async\" width=\"300\" height=\"256\" src=\"https:\/\/www.cci.corsica\/wp-content\/uploads\/2026\/03\/5-300x256.jpg\" alt=\"\" class=\"wp-image-9611\" srcset=\"https:\/\/www.cci.corsica\/wp-content\/uploads\/2026\/03\/5-300x256.jpg 300w, https:\/\/www.cci.corsica\/wp-content\/uploads\/2026\/03\/5-1024x876.jpg 1024w, https:\/\/www.cci.corsica\/wp-content\/uploads\/2026\/03\/5-768x657.jpg 768w, https:\/\/www.cci.corsica\/wp-content\/uploads\/2026\/03\/5-1536x1313.jpg 1536w, https:\/\/www.cci.corsica\/wp-content\/uploads\/2026\/03\/5-14x12.jpg 14w, https:\/\/www.cci.corsica\/wp-content\/uploads\/2026\/03\/5.jpg 2048w\" sizes=\"(max-width: 300px) 100vw, 300px\" \/><\/figure>\n\n\n\n<h3 class=\"wp-block-heading\"><strong>\u00ab&nbsp;Menu&nbsp;\u00bb plaisir\u2026<\/strong><\/h3>\n\n\n\n<p>Pour cette premi\u00e8re gastronomique sc\u00e9nographi\u00e9e par le chef Emmanuel Lojou aux fourneaux et Sandra Burlon au gouvernail de la salle, les quelque vingt-cinq h\u00f4tes ont partag\u00e9 la passion issue des cuisines pour les produits du terroir. Apr\u00e8s une mise en bouche \u00e0 base d\u2019une cr\u00e8me onctueuse de potiron, ont \u00e9t\u00e9 servis une terrine de poireau avec de la burrata et une sauce vierge puis du magret de canard d\u00fbment escort\u00e9 par une pur\u00e9e de c\u00e9leri et une poire au vin rouge. Au dessert, une tartelette granny-smith aussi belle que savoureuse. Plusieurs pains propos\u00e9s avec de petits rondins de beurre au piment d\u2019Espelette sont \u00ab&nbsp;maison&nbsp;\u00bb comme les mignardises servies avec le caf\u00e9. Comme auraient pu le dire les jeunes Ajacciens pur jus&nbsp;: \u00ab&nbsp;C\u2019\u00e9tait toque de bon&nbsp;!&nbsp;\u00bb<\/p>\n\n\n\n<div class=\"wp-block-media-text is-stacked-on-mobile\"><figure class=\"wp-block-media-text__media\"><img decoding=\"async\" width=\"819\" height=\"1024\" src=\"https:\/\/www.cci.corsica\/wp-content\/uploads\/2026\/02\/lettre_mars_1-cci-v090326-819x1024.jpg\" alt=\"\" class=\"wp-image-9626 size-full\" srcset=\"https:\/\/www.cci.corsica\/wp-content\/uploads\/2026\/02\/lettre_mars_1-cci-v090326-819x1024.jpg 819w, https:\/\/www.cci.corsica\/wp-content\/uploads\/2026\/02\/lettre_mars_1-cci-v090326-240x300.jpg 240w, https:\/\/www.cci.corsica\/wp-content\/uploads\/2026\/02\/lettre_mars_1-cci-v090326-768x960.jpg 768w, https:\/\/www.cci.corsica\/wp-content\/uploads\/2026\/02\/lettre_mars_1-cci-v090326-1229x1536.jpg 1229w, https:\/\/www.cci.corsica\/wp-content\/uploads\/2026\/02\/lettre_mars_1-cci-v090326-scaled.jpg 1638w, https:\/\/www.cci.corsica\/wp-content\/uploads\/2026\/02\/lettre_mars_1-cci-v090326-10x12.jpg 10w\" sizes=\"(max-width: 819px) 100vw, 819px\" \/><\/figure><div class=\"wp-block-media-text__content\">\n<p><a href=\"https:\/\/www.calameo.com\/read\/006340018f50899a86551\">Lire La Lettre n\u00b063<\/a><\/p>\n<\/div><\/div>\n\n\n\n<p><\/p>","protected":false},"excerpt":{"rendered":"<p>Pour l\u2019ouverture au public, le jeudi 26 f\u00e9vrier, Sapori, le restaurant d\u2019application de l\u2019\u00c9cole h\u00f4teli\u00e8re m\u00e9diterran\u00e9enne a mis les petits plats dans les grands<\/p>","protected":false},"author":4,"featured_media":9612,"comment_status":"closed","ping_status":"closed","sticky":false,"template":"","format":"standard","meta":{"_acf_changed":false,"_seopress_robots_primary_cat":"none","_seopress_titles_title":"La Lettre | Sapori, le \u00ab go\u00fbt \u00bb d\u2019envoi !","_seopress_titles_desc":"Pour l\u2019ouverture au public, le jeudi 26 f\u00e9vrier, Sapori, le restaurant d\u2019application de l\u2019\u00c9cole h\u00f4teli\u00e8re m\u00e9diterran\u00e9enne a mis les petits plats dans les grands","_seopress_robots_index":"","footnotes":""},"categories":[25],"tags":[],"class_list":["post-9615","post","type-post","status-publish","format-standard","has-post-thumbnail","hentry","category-actualite"],"acf":[],"_links":{"self":[{"href":"https:\/\/www.cci.corsica\/co\/wp-json\/wp\/v2\/posts\/9615","targetHints":{"allow":["GET"]}}],"collection":[{"href":"https:\/\/www.cci.corsica\/co\/wp-json\/wp\/v2\/posts"}],"about":[{"href":"https:\/\/www.cci.corsica\/co\/wp-json\/wp\/v2\/types\/post"}],"author":[{"embeddable":true,"href":"https:\/\/www.cci.corsica\/co\/wp-json\/wp\/v2\/users\/4"}],"replies":[{"embeddable":true,"href":"https:\/\/www.cci.corsica\/co\/wp-json\/wp\/v2\/comments?post=9615"}],"version-history":[{"count":2,"href":"https:\/\/www.cci.corsica\/co\/wp-json\/wp\/v2\/posts\/9615\/revisions"}],"predecessor-version":[{"id":9629,"href":"https:\/\/www.cci.corsica\/co\/wp-json\/wp\/v2\/posts\/9615\/revisions\/9629"}],"wp:featuredmedia":[{"embeddable":true,"href":"https:\/\/www.cci.corsica\/co\/wp-json\/wp\/v2\/media\/9612"}],"wp:attachment":[{"href":"https:\/\/www.cci.corsica\/co\/wp-json\/wp\/v2\/media?parent=9615"}],"wp:term":[{"taxonomy":"category","embeddable":true,"href":"https:\/\/www.cci.corsica\/co\/wp-json\/wp\/v2\/categories?post=9615"},{"taxonomy":"post_tag","embeddable":true,"href":"https:\/\/www.cci.corsica\/co\/wp-json\/wp\/v2\/tags?post=9615"}],"curies":[{"name":"wp","href":"https:\/\/api.w.org\/{rel}","templated":true}]}}